{"id":414980,"date":"2023-02-06T14:42:27","date_gmt":"2023-02-06T18:42:27","guid":{"rendered":"http:\/\/diariodominicano.com\/?p=414980"},"modified":"2023-02-06T14:42:39","modified_gmt":"2023-02-06T18:42:39","slug":"pn-ocupa-tres-armas-de-fuego-durante-operativos-en-santiago","status":"publish","type":"post","link":"https:\/\/diariodominicano.com\/?p=414980","title":{"rendered":"PN ocupa tres armas de fuego durante operativos en Santiago"},"content":{"rendered":"\n<figure class=\"wp-block-table\"><table><tbody><tr><td><br><\/td><\/tr><tr><td><br><\/td><td><\/td><\/tr><\/tbody><\/table><\/figure>\n\n\n\n<p><strong>Cuatro personas resultaron apresadas<\/strong><\/p>\n\n\n\n<p><strong>Santiago de Los Caballeros, 6 de Febrero del 2023.-\u00a0<\/strong>La Polic\u00eda Nacional inform\u00f3 el lunes que durante operativos focalizados en los distintos sectores que comprenden esta Direcci\u00f3n Regional Cibao Central, ocuparon tres armas de fuego ilegales y apresaron cuatro personas incluyendo un menor de edad.<\/p>\n\n\n\n<p>En el sector La Pulga de&nbsp;&nbsp;Cienfuegos, fue detenido el nombrado Starly&nbsp;&nbsp;Jos\u00e9 Santana, alias Caballito&nbsp;&nbsp;de 19 a\u00f1os, quien presentaba un perfil sospechoso y al momento de ser requisado se le ocup\u00f3 la pistola marca Glock 19, Austria, numeraci\u00f3n no legible, con un cargador para 30 c\u00e1psulas, conteniendo seis municiones.<\/p>\n\n\n\n<p>En tanto que en&nbsp;&nbsp;la calle Sergio Hern\u00e1ndez del distrito municipal de Santiago Oeste,&nbsp;&nbsp;fue apresado, Frankeli Alc\u00e1ntara de 20 a\u00f1os y un menor de edad, quienes transitaban en la&nbsp;&nbsp;motocicleta marca CG 150, de color negro, chasis No. LBEJLX23TMA198811, los mismos al notar la presencia policial emprendieron la huida.<\/p>\n\n\n\n<p>Indica el parte policial que tras ese hecho, se origin\u00f3 una persecuci\u00f3n, logrando apresarlos, los mismos al momento de ser requisados, al primero en&nbsp;&nbsp;menci\u00f3n, se le ocup\u00f3 una&nbsp;&nbsp;pistola de fabricaci\u00f3n casera denominada chilena.<\/p>\n\n\n\n<figure class=\"wp-block-image size-full\"><img loading=\"lazy\" decoding=\"async\" width=\"421\" height=\"431\" src=\"https:\/\/diariodominicano.com\/wp-content\/uploads\/2023\/02\/image-31.png\" alt=\"\" class=\"wp-image-414984\" srcset=\"https:\/\/diariodominicano.com\/wp-content\/uploads\/2023\/02\/image-31.png 421w, https:\/\/diariodominicano.com\/wp-content\/uploads\/2023\/02\/image-31-293x300.png 293w\" sizes=\"auto, (max-width: 421px) 100vw, 421px\" \/><\/figure>\n\n\n\n<p>En otro hecho en el sector Plaza Valerio, result\u00f3 detenido Jos\u00e9 Heriberto Ure\u00f1a Collado apodado Joselin de 33 a\u00f1os, residente en el municipio de J\u00e1nico, quien transitaba sospechosamente a bordo del&nbsp;&nbsp;veh\u00edculo marca Toyota, color verde, placa G003612, el mismo al ser registrado se ocup\u00f3 la pistola marca y modelo ilegible, calibre 9 mil\u00edmetros, serie No. 161625B, con su cargador y 6 c\u00e1psulas para la misma, sin ning\u00fan tipo de documentos.<\/p>\n\n\n\n<p>Los detenidos y las armas ocupadas ser\u00e1n enviados al Ministerio P\u00fablico para los fines procedentes de ley.<\/p>\n\n\n\n<p>policia nacional<a target=\"_blank\" href=\"mailto:npolicia14@gmail.com\" rel=\"noreferrer noopener\">npolicia14@gmail.com<\/a><\/p>\n\n\n\n<p><strong>OFICINA DE INFORMACI\u00d3N Y COMUNICACIONES ESTRAT\u00c9GICAS DIRECCI\u00d3N REGIONAL CIBAO CENTRAL DE LA POLIC\u00cdA NACIONAL.<\/strong><\/p>\n","protected":false},"excerpt":{"rendered":"<p>Cuatro personas resultaron apresadas Santiago de Los Caballeros, 6 de Febrero del 2023.-\u00a0La Polic\u00eda Nacional inform\u00f3 el lunes que durante operativos focalizados en los distintos sectores que comprenden esta Direcci\u00f3n Regional Cibao Central, ocuparon tres armas de fuego ilegales y apresaron cuatro personas incluyendo un menor de edad. En el sector La Pulga de&nbsp;&nbsp;Cienfuegos, fue [&hellip;]<\/p>\n","protected":false},"author":28,"featured_media":414983,"comment_status":"closed","ping_status":"","sticky":true,"template":"","format":"standard","meta":{"footnotes":""},"categories":[29,27],"tags":[],"class_list":["post-414980","post","type-post","status-publish","format-standard","has-post-thumbnail","hentry","category-policiasucesos","category-portada"],"_links":{"self":[{"href":"https:\/\/diariodominicano.com\/index.php?rest_route=\/wp\/v2\/posts\/414980","targetHints":{"allow":["GET"]}}],"collection":[{"href":"https:\/\/diariodominicano.com\/index.php?rest_route=\/wp\/v2\/posts"}],"about":[{"href":"https:\/\/diariodominicano.com\/index.php?rest_route=\/wp\/v2\/types\/post"}],"author":[{"embeddable":true,"href":"https:\/\/diariodominicano.com\/index.php?rest_route=\/wp\/v2\/users\/28"}],"replies":[{"embeddable":true,"href":"https:\/\/diariodominicano.com\/index.php?rest_route=%2Fwp%2Fv2%2Fcomments&post=414980"}],"version-history":[{"count":2,"href":"https:\/\/diariodominicano.com\/index.php?rest_route=\/wp\/v2\/posts\/414980\/revisions"}],"predecessor-version":[{"id":414986,"href":"https:\/\/diariodominicano.com\/index.php?rest_route=\/wp\/v2\/posts\/414980\/revisions\/414986"}],"wp:featuredmedia":[{"embeddable":true,"href":"https:\/\/diariodominicano.com\/index.php?rest_route=\/wp\/v2\/media\/414983"}],"wp:attachment":[{"href":"https:\/\/diariodominicano.com\/index.php?rest_route=%2Fwp%2Fv2%2Fmedia&parent=414980"}],"wp:term":[{"taxonomy":"category","embeddable":true,"href":"https:\/\/diariodominicano.com\/index.php?rest_route=%2Fwp%2Fv2%2Fcategories&post=414980"},{"taxonomy":"post_tag","embeddable":true,"href":"https:\/\/diariodominicano.com\/index.php?rest_route=%2Fwp%2Fv2%2Ftags&post=414980"}],"curies":[{"name":"wp","href":"https:\/\/api.w.org\/{rel}","templated":true}]}}