{"id":41493,"date":"2019-10-31T23:20:48","date_gmt":"2019-10-31T23:20:48","guid":{"rendered":"http:\/\/diariodominicano.ddns.net\/?p=41493"},"modified":"2019-10-31T23:20:48","modified_gmt":"2019-10-31T23:20:48","slug":"a-pleno-solrecordemos-la-historia","status":"publish","type":"post","link":"https:\/\/diariodominicano.com\/?p=41493","title":{"rendered":"A Pleno Sol&#13;&#13;Recordemos la historia"},"content":{"rendered":"<p><body><\/p>\n<p><strong>Por Manuel Hern\u00e1ndez Villeta<\/strong><\/p>\n<\/p>\n<\/p>\n<p>La historia dominicana ha estado jalonada por las dictaduras f\u00e9rreas, los hombres pu\u00f1o de hierro y el cercenamiento de las libertades. Pero siempre dijo  presente, en esos momentos tenebrosos del uso del poder desbordado, la capacidad de lucha sin  cuartel por el mantenimiento de la libertad.<\/p>\n<\/p>\n<p>Si se estudia la historia dominicana  libre de apasionamientos, en base a realidades, se ver\u00e1 que en muy pocas ocasiones hemos sido un pueblo libre e independiente, con gobiernos respetuosos de los derechos humanos y de la vida.<\/p>\n<\/p>\n<p>Detr\u00e1s y despu\u00e9s  de cada uno de los hechos hist\u00f3ricos que han dado valor institucional, republicano y democr\u00e1tico a nuestro pa\u00eds, se levanta la mano de hierro y nos arropa el viento negro del terror.<\/p>\n<\/p>\n<p>La independencia nacional fue proclamada de  Hait\u00ed en el  1844, y a fuego y sangre se fund\u00f3 la Rep\u00fablica Dominicana, pero a los pocos meses del grito del baluarte de El Conde los independentistas estaban deportados, encarcelados o fusilados.<\/p>\n<\/p>\n<p>El hatero Pedro Santana pis\u00f3 con sus sandalias sucias de esti\u00e9rcol la bandera nacional, y sobre la sangre de los patriotas promulg\u00f3 la primera Constituci\u00f3n. No fue la Carta Magna de la independencia, sino el texto favorito del grupo que luego ser\u00eda anexionista.<\/p>\n<\/p>\n<p>La que se llama la segunda independencia, la Restauraci\u00f3n, logr\u00f3 sacar a los espa\u00f1oles, pero naufrag\u00f3 en medio de luchas intestinas, fusilamientos de patriotas, traiciones y dio paso a la f\u00e9rrea dictadura de Lilis. Ni la espada de la Restauraci\u00f3n, Gregorio Luper\u00f3n, pudo evitar que la dictadura  golpeara a la incipiente democracia.<\/p>\n<\/p>\n<p>Luego del golpe de Estado a Juan Bosch, se produjo el movimiento c\u00edvico-militar que fue la revoluci\u00f3n constitucionalista, y la reacci\u00f3n de los Estados Unidos, disponiendo una intervenci\u00f3n militar. De la sangre de patriotas de Abril, surge  la noche negra de los doce a\u00f1os  de Joaqu\u00edn Balaguer.<\/p>\n<\/p>\n<p>Para no caer en  faltas   hist\u00f3ricas, solo hay que ver el devenir del siglo 20: en los primeros 30 a\u00f1os se impusieron   los gobiernos regionales y los generales  de charretera de hoja de lata y uniformes de tela de macario. Trujillo y Balaguer se llevaron m\u00e1s de 50 a\u00f1os en el Palacio Nacional, y ocurrieron dos intervenciones militares norteamericanas.<\/p>\n<\/p>\n<p> Para ver lo que trae el futuro dominicano hay que mirar al frente y seguir luchando por la institucionalidad y la democracia.  Sin embargo, es de rigor y obligatorio estudiar el pasado, para  no cometer los mismo errores.<\/p>\n<\/p>\n<p> De mis viejos libros  de Carlos Marx recuerdo un p\u00e1rrafo del \u00ab18 Brumario de Luis Bonaparte\u00bb: \u00abLa historia ocurre dos veces: la primera vez como una gran tragedia y la segunda como una miserable farsa\u00bb. \u00a1Ay!, se me acab\u00f3 la tinta.<\/p>\n<\/p>\n<h6> 2019-10-31 23:20:48 <\/h6>\n<p><!--\n<link rel=\"stylesheet\" href=\"css\/bootstrap.min.css\">\n\n\n<ul class=\"pagination\">\n\t    \n\t\n\n<li >\n\t<a href='?page_no=459'>Previous<\/a>\n\t<\/li>\n\n\n       \n    \n\n<li><a href='?page_no=1'>1<\/a><\/li>\n\n\n\n<li><a href='?page_no=2'>2<\/a><\/li>\n\n\n\n<li><a>...<\/a><\/li>\n\n\n\n<li><a href='?page_no=458'>458<\/a><\/li>\n\n\n\n<li><a href='?page_no=459'>459<\/a><\/li>\n\n\n\n<li class='active'><a>460<\/a><\/li>\n\n\n\n<li><a href='?page_no=461'>461<\/a><\/li>\n\n\n\n<li><a href='?page_no=462'>462<\/a><\/li>\n\n\n\n<li><a>...<\/a><\/li>\n\n\n\n<li><a href='?page_no=13611'>13611<\/a><\/li>\n\n\n\n<li><a href='?page_no=13612'>13612<\/a><\/li>\n\n    \n\t\n\n<li >\n\t<a href='?page_no=461'>Next<\/a>\n\t<\/li>\n\n\n    \n\n<li><a href='?page_no=13612'>Last &rsaquo;&rsaquo;<\/a><\/li>\n\n<\/ul>\n\n\n--><br \/>\n<\/body><\/p>\n","protected":false},"excerpt":{"rendered":"<p>Por Manuel Hern\u00e1ndez Villeta La historia dominicana ha estado jalonada por las dictaduras f\u00e9rreas, los hombres pu\u00f1o de hierro y el cercenamiento de las libertades. Pero siempre dijo presente, en esos momentos tenebrosos del uso del poder desbordado, la capacidad de lucha sin cuartel por el mantenimiento de la libertad. Si se estudia la historia [&hellip;]<\/p>\n","protected":false},"author":3,"featured_media":0,"comment_status":"open","ping_status":"open","sticky":false,"template":"","format":"standard","meta":{"footnotes":""},"categories":[16],"tags":[],"class_list":["post-41493","post","type-post","status-publish","format-standard","hentry","category-opiniones"],"_links":{"self":[{"href":"https:\/\/diariodominicano.com\/index.php?rest_route=\/wp\/v2\/posts\/41493","targetHints":{"allow":["GET"]}}],"collection":[{"href":"https:\/\/diariodominicano.com\/index.php?rest_route=\/wp\/v2\/posts"}],"about":[{"href":"https:\/\/diariodominicano.com\/index.php?rest_route=\/wp\/v2\/types\/post"}],"author":[{"embeddable":true,"href":"https:\/\/diariodominicano.com\/index.php?rest_route=\/wp\/v2\/users\/3"}],"replies":[{"embeddable":true,"href":"https:\/\/diariodominicano.com\/index.php?rest_route=%2Fwp%2Fv2%2Fcomments&post=41493"}],"version-history":[{"count":0,"href":"https:\/\/diariodominicano.com\/index.php?rest_route=\/wp\/v2\/posts\/41493\/revisions"}],"wp:attachment":[{"href":"https:\/\/diariodominicano.com\/index.php?rest_route=%2Fwp%2Fv2%2Fmedia&parent=41493"}],"wp:term":[{"taxonomy":"category","embeddable":true,"href":"https:\/\/diariodominicano.com\/index.php?rest_route=%2Fwp%2Fv2%2Fcategories&post=41493"},{"taxonomy":"post_tag","embeddable":true,"href":"https:\/\/diariodominicano.com\/index.php?rest_route=%2Fwp%2Fv2%2Ftags&post=41493"}],"curies":[{"name":"wp","href":"https:\/\/api.w.org\/{rel}","templated":true}]}}