{"id":414486,"date":"2023-02-04T18:19:15","date_gmt":"2023-02-04T22:19:15","guid":{"rendered":"http:\/\/diariodominicano.com\/?p=414486"},"modified":"2023-02-04T18:19:15","modified_gmt":"2023-02-04T22:19:15","slug":"expertos-dictaminaran-si-el-poeta-chileno-pablo-neruda-murio-envenenado","status":"publish","type":"post","link":"https:\/\/diariodominicano.com\/?p=414486","title":{"rendered":"Expertos dictaminar\u00e1n si el poeta chileno Pablo Neruda muri\u00f3 envenenado"},"content":{"rendered":"\n<figure class=\"wp-block-image\"><img decoding=\"async\" src=\"https:\/\/www.vozdeamerica.com\/Content\/responsive\/VOA\/es\/img\/logo-compact.svg\" alt=\"site logo\"\/><\/figure>\n\n\n\n<figure class=\"wp-block-image\"><a href=\"https:\/\/www.vozdeamerica.com\/\"><img decoding=\"async\" src=\"https:\/\/www.vozdeamerica.com\/Content\/responsive\/VOA\/es\/img\/logo.svg\" alt=\"site logo\"\/><\/a><\/figure>\n\n\n\n<p><a href=\"https:\/\/www.vozdeamerica.com\/programs\/radio\"><\/a><a href=\"https:\/\/www.vozdeamerica.com\/programs\/tv\"><\/a><a><\/a><a href=\"https:\/\/www.vozdeamerica.com\/live\/audio\/56\">LIVE<\/a>B\u00fasqueda<\/p>\n\n\n\n<figure class=\"wp-block-image\"><img decoding=\"async\" src=\"https:\/\/gdb.voanews.com\/06a20000-0aff-0242-8d41-08db062de2c8_w1023_r1_s.jpg\" alt=\"El equipo de expertos forenses continua deliberaciones con pruebas cient\u00edficas para determinar si el premio Nobel de Literatura chileno, Pablo Neruda muri\u00f3 envenenado. [Foto cortes\u00eda Fundaci\u00f3n Pablo Neruda]\"\/><\/figure>\n\n\n\n<p><a class=\"\" href=\"https:\/\/www.vozdeamerica.com\/mundo\">MUNDO<\/a><\/p>\n\n\n\n<h1 class=\"wp-block-heading\"><\/h1>\n\n\n\n<p>febrero 04, 2023<\/p>\n\n\n\n<ul class=\"wp-block-list\"><li><a href=\"https:\/\/www.vozdeamerica.com\/author\/tomas-guevara\/pikyi\">Tom\u00e1s Guevara<\/a><\/li><\/ul>\n\n\n\n<p>El equipo de expertos forenses continua deliberaciones con pruebas cient\u00edficas para determinar si el premio Nobel de Literatura chileno, Pablo Neruda muri\u00f3 envenenado. [Foto cortes\u00eda Fundaci\u00f3n Pablo Neruda]&nbsp;FotoVOA<\/p>\n\n\n\n<ul class=\"wp-block-list\"><li><a href=\"https:\/\/facebook.com\/sharer.php?u=https%3a%2f%2fwww.vozdeamerica.com%2fa%2fexpertos-dictaminaran-si-el-poeta-chileno-pablo-neruda-murio-envenenado%2f6947278.html\" target=\"_blank\" rel=\"noreferrer noopener\"><\/a><\/li><li><a href=\"https:\/\/twitter.com\/share?url=https%3a%2f%2fwww.vozdeamerica.com%2fa%2fexpertos-dictaminaran-si-el-poeta-chileno-pablo-neruda-murio-envenenado%2f6947278.html&amp;text=Expertos+dictaminar%c3%a1n+si+el+poeta+chileno+Pablo+Neruda+muri%c3%b3+envenenado\" target=\"_blank\" rel=\"noreferrer noopener\"><\/a><\/li><li><\/li><li><a href=\"mailto:?body=https%3a%2f%2fwww.vozdeamerica.com%2fa%2fexpertos-dictaminaran-si-el-poeta-chileno-pablo-neruda-murio-envenenado%2f6947278.html&amp;subject=Expertos%20dictaminar%C3%A1n%20si%20el%20poeta%20chileno%20Pablo%20Neruda%20muri%C3%B3%20envenenado\"><\/a><\/li><\/ul>\n\n\n\n<p>Un equipo de expertos judiciales y forenses empez\u00f3 a finales de enero una reuni\u00f3n decisiva para determinar si el premio Nobel chileno muri\u00f3 envenado o a causa del c\u00e1ncer de pr\u00f3stata que padec\u00eda. Neruda falleci\u00f3 pocos d\u00edas despu\u00e9s del golpe de Estado de Pinochet contra Allende, en septiembre de 1973.WASHINGTON \u2014&nbsp;<\/p>\n\n\n\n<p>Cuando los forenses abrieron por primera vez el f\u00e9retro con los restos del poeta chileno Pablo Neruda y tomaron las primeras muestras en 2013 para indagar la tesis sobre un posible asesinato por envenamiento del premio Nobel de Literatura, fallecido a escasos 12 d\u00edas del golpe de Estado de Augusto Pinochet contra Salvador Allende, el 11 de septiembre de 1973, no vieron nada anormal.<\/p>\n\n\n\n<p>Pero al profundizar en el an\u00e1lisis del material en la osamenta, descubrieron que el escritor, amigo de Salvador Allende, y que falleci\u00f3 en una cl\u00ednica privada de Santiago donde se trataba un c\u00e1ncer de pr\u00f3stata, ten\u00eda alojada una bacteria, la&nbsp;<em>&#8216;Clostridium botul\u00ednico\u2019.<\/em><\/p>\n\n\n\n<p>Pasaron cinco a\u00f1os y un proceso judicial en curso a cargo del Ministerio P\u00fablico chileno y el Poder Judicial para que los pat\u00f3logos forenses llegaran a determinar que esa bacteria y no el c\u00e1ncer ocasion\u00f3 la muerte del poeta nacido en 1904.<\/p>\n\n\n\n<p>Neruda, autor de \u00abVeinte poemas de amor y una canci\u00f3n desesperada\u00bb, recibi\u00f3 en 1971 el m\u00e1ximo galard\u00f3n de las letras, el Premio Nobel de Literatura, y se convirti\u00f3 en voz referente del Chile democr\u00e1tico con el primer gobierno socialista encabezado por Salvador Allende.<a href=\"https:\/\/www.vozdeamerica.com\/a\/lanzan-campana-para-rescatar-la-historia-del-holocausto-en-america-latina\/6936791.html\"><\/a><a href=\"https:\/\/www.vozdeamerica.com\/a\/lanzan-campana-para-rescatar-la-historia-del-holocausto-en-america-latina\/6936791.html\">TAMBI\u00c9N LEALanzan campa\u00f1a en Am\u00e9rica Latina para rescatar la historia del Holocausto<\/a><\/p>\n\n\n\n<p>Este viernes, cuando se esperaba que el equipo forense presentara el informe con su veredicto, la m\u00e1xima instancia judicial de Chile ha aplazado por causas de \u201cfalta de conexi\u00f3n a Internet del equipo de forenses\u201d el informe con el dictamen que se sabr\u00e1 en una fecha \u201ca\u00fan no determinada\u201d.<\/p>\n\n\n\n<p>La escritora y sobrina de Salvador Allende, Isabel Allende, ha relatado que las sospechas sobre la muerte del poeta tomaron fuerza luego que la justicia chilena llegar\u00e1 a la conclusi\u00f3n que el expresidente socialdem\u00f3crata (1964 &#8211; 1970) Eduardo Frei Montalva fue asesinado en 1982, en la misma cl\u00ednica donde muri\u00f3 Neruda, por una bacteria similar, mientras se recuperaba de una cirug\u00eda menor en ese centro asistencial.<\/p>\n\n\n\n<p>La justicia conden\u00f3 en 2019 a seis involucrados en la conspiraci\u00f3n que ceg\u00f3 la vida del exmandatario, entre estos un exfuncionario de la Central Nacional de Informaciones (CNI), el exchofer del pol\u00edtico opositor y cuatro m\u00e9dicos del centro que incubaron el agente bacteriol\u00f3gico en la cl\u00ednica Santa Mar\u00eda, tras una intervenci\u00f3n quir\u00fargica.<\/p>\n\n\n\n<p>\u201cDe ah\u00ed surge la sospecha de que lo mismo le haya pasado a Neruda, porque si Neruda hubiera vivido, se habr\u00eda ido al exilio. El mismo d\u00eda del golpe, todos los pa\u00edses del mundo le estaban ofreciendo asilo pol\u00edtico a Pablo Neruda. Llegaron telegramas de todas partes ofreciendo sacarlo del pa\u00eds y recibirlo. Entonces, \u00e9l hubiera sido una voz muy fuerte contra la dictadura, una voz contra el ej\u00e9rcito, es muy posible que hayan decidido eliminarlo\u201d, dijo Isabel Allende en una entrevista a\u00f1os atr\u00e1s, cuando el caso tom\u00f3 un nuevo impulso.<a href=\"https:\/\/www.vozdeamerica.com\/a\/entretenimiento_isabel-allende-habla-sobre-feminismo-teleserie-y-amor-en-la-pandemia\/6072129.html\"><\/a><a href=\"https:\/\/www.vozdeamerica.com\/a\/entretenimiento_isabel-allende-habla-sobre-feminismo-teleserie-y-amor-en-la-pandemia\/6072129.html\">TAMBI\u00c9N LEAIsabel Allende habla sobre feminismo, teleserie y amor en la pandemia<\/a><\/p>\n\n\n\n<h3 class=\"wp-block-heading\">A puerta cerrada<\/h3>\n\n\n\n<p>Con el acumulado de pruebas realizadas en varias exploraciones al cuerpo del poeta, el equipo de expertos de varios pa\u00edses se alej\u00f3 para discutir en profundidad cada una de las posibilidades que encierra el caso.<\/p>\n\n\n\n<p>Antes de iniciar la encerrona el 24 de enero para llegar al informe cient\u00edfico decisivo, el juez coordinador nacional de derechos humanos Mario Carroza le dijo a la prensa que \u201cestamos ad portas de poner t\u00e9rmino a una investigaci\u00f3n que nos parece ha sido trascendental\u201d.<\/p>\n\n\n\n<p>Cuando en octubre de 2017 el equipo de expertos nacionales e internacionales determin\u00f3 que no fue el c\u00e1ncer que mat\u00f3 a Neruda, qued\u00f3 entonces la duda por resolver de si la infecci\u00f3n generalizada se debi\u00f3 a su cuadro cl\u00ednico o si se trat\u00f3 de una acci\u00f3n deliberada dentro del centro asistencial.<\/p>\n\n\n\n<p>Ante esa cuesti\u00f3n medular por resolver, el juez Carranza ha matizado que \u201chay que ver si efectivamente hay responsables en esa intervenci\u00f3n, o sea, si existen esos terceros. Si esos terceros son posibles de ubicar, entonces tendr\u00e1n que tomarse las decisiones que sigan relaci\u00f3n con sus responsabilidades\u00bb.<a href=\"https:\/\/www.vozdeamerica.com\/a\/noticias-internacional_activista-ruso-fue-vigilado-durante-anos-antes-de-su-envenenamiento\/6070132.html\"><\/a><a href=\"https:\/\/www.vozdeamerica.com\/a\/noticias-internacional_activista-ruso-fue-vigilado-durante-anos-antes-de-su-envenenamiento\/6070132.html\">TAMBI\u00c9N LEAActivista ruso fue vigilado durante a\u00f1os antes de su envenenamiento<\/a><\/p>\n\n\n\n<p>La causa se abri\u00f3 en 2011, luego que el ex chofer de Neruda, Manuel Araya, denunciara que el poeta muri\u00f3 poco despu\u00e9s que le aplicaran una inyecci\u00f3n en la cl\u00ednica donde estaba internado. El certificado oficial de defunci\u00f3n registrado el 23 de septiembre de 1973 indica que la muerte se debi\u00f3 a causa del c\u00e1ncer de pr\u00f3stata, como creyeron por d\u00e9cadas los chilenos.<\/p>\n\n\n\n<p>\u00abMe da la impresi\u00f3n de que (los expertos) traer\u00e1n conclusiones que pueden ser definitivas como para que la magistrada que hoy en d\u00eda tiene a su cargo la investigaci\u00f3n pueda tomar una determinaci\u00f3n definitiva\u00bb, dijo Carroza a la prensa.<\/p>\n\n\n\n<p>Servicios de inteligencia han reconocido que para entonces las fuerzas armadas de Chile, que para el golpe de estado contaron con el apoyo de la Central de Inteligencia de Estados Unidos (CIA), ya contaban con agentes qu\u00edmicos y bacteriol\u00f3gicos que pudieron utilizar en la primera etapa de represi\u00f3n y eliminaci\u00f3n de opositores.<a href=\"https:\/\/www.vozdeamerica.com\/a\/puede-ortega-y-murillo-ser-llevados-a-la-justicia-internacional-\/6784621.html\"><\/a><a href=\"https:\/\/www.vozdeamerica.com\/a\/puede-ortega-y-murillo-ser-llevados-a-la-justicia-internacional-\/6784621.html\">TAMBI\u00c9N LEA\u00bfPueden Ortega y Murillo ser llevados ante la justicia internacional?<\/a><\/p>\n\n\n\n<p>Recuentos de defensores de derechos humanos han calculado que la dictadura de Augusto Pinochet -que dur\u00f3 de 1973 a 1990- dej\u00f3 unos 3.200 muertos, unos 38.000 torturados y miles de desaparecidos.<\/p>\n\n\n\n<h3 class=\"wp-block-heading\">Un funeral vigilado<\/h3>\n\n\n\n<p>El d\u00eda en que el poeta Pablo Neruda muri\u00f3, su casa, conocida como \u00abLa Chascona\u00bb, al pie del cerro San Crist\u00f3bal en Santiago, fue vandalizada. Quedaron tuber\u00edas rotas, puertas y ventanas destruidas, muebler\u00eda volteada que hoy testigos de aquel hecho han considerado que pudo ser una acci\u00f3n planificada para evitar el velatorio del poeta.<\/p>\n\n\n\n<p>Sin embargo, la viuda, Matilde Urrutia, quien hab\u00eda sacado el f\u00e9retro gris de la Cl\u00ednica Santa Mar\u00eda acompa\u00f1ada s\u00f3lo por su hermana y una amiga -custodiadas por militares- decidi\u00f3 llevarlo a casa entre aquel caos.<\/p>\n\n\n\n<p>Los amigos cercanos intentaron hacer un funeral como pudieron cuando los actos civiles y pol\u00edticos estaban proscritos. Neruda y los suyos estaban en la lista de opositores, muchos formaban parte del Partido Comunista Chileno y otras formaciones de izquierda contrarias al r\u00e9gimen impuesto.<\/p>\n\n\n\n<p>Una testigo sobreviviente, Mar\u00eda Cabrioler, dijo en 2013 que para sorpresa, el funeral se convirti\u00f3 en una catarsis y el primer llanto colectivo por Chile. Ella y su esposo, autor del libro&nbsp;<em><strong><a href=\"https:\/\/www.buscalibre.us\/libro-funeral-vigilado\/9789562825108\/p\/1066081\" target=\"_blank\" rel=\"noreferrer noopener\">\u201cFuneral vigilado\u201d<\/a><\/strong><\/em>, Sergio Villegas, fallecido en 2005, quien public\u00f3 en Alemania los detalles de aquel suceso, eran amigos de Neruda y su esposa.<\/p>\n\n\n\n<figure class=\"wp-block-image\"><img decoding=\"async\" src=\"https:\/\/gdb.voanews.com\/06a20000-0aff-0242-962a-08db06346de9_w650_r0_s.jpg\" alt=\"\"\/><\/figure>\n\n\n\n<p>\u201cSe hizo todo para poder velar a Neruda en la casa, pero no hab\u00eda c\u00f3mo ordenar nada, el agua corr\u00eda por todas partes\u201d, y cuando el cortejo f\u00fanebre comenz\u00f3 a recorrer las calles, m\u00e1s y m\u00e1s personas de todos los estratos se fueron sumando, record\u00f3.<\/p>\n\n\n\n<p>Se fue nutriendo la multitud de unos pocos a cientos y quiz\u00e1 el millar, Al llegar al cementerio, algunos empezaron a entonar lo m\u00e1s proscrito que pod\u00eda imaginarse en aquellos d\u00edas de sosobra, el himno de la Internacional Socialista.<\/p>\n\n\n\n<p>\u201cTodo el mundo la cant\u00f3, y recordaron a V\u00edctor Jara, que reci\u00e9n se lo hab\u00edan entregado a Joan, su se\u00f1ora, con 40 y tantas balas en el cuerpo. Y luego empezaron a gritar por Allende y por el que llevaban tambi\u00e9n all\u00ed, por Pablo\u00bb.<\/p>\n\n\n\n<p>\u00abTodos llor\u00e1bamos. Cuando la gente empezaba a entonar cantos, o los gritos por V\u00edctor Jara, uno se estremec\u00eda, porque sab\u00eda lo que hab\u00eda pasado. Nosotros sab\u00edamos\u00bb, relat\u00f3.<\/p>\n\n\n\n<p>La comisi\u00f3n de expertos tiene como l\u00edmite el 9 de marzo para entregar el esperado informe cient\u00edfico sobre la muerte del poeta.<\/p>\n","protected":false},"excerpt":{"rendered":"<p>LIVEB\u00fasqueda MUNDO febrero 04, 2023 Tom\u00e1s Guevara El equipo de expertos forenses continua deliberaciones con pruebas cient\u00edficas para determinar si el premio Nobel de Literatura chileno, Pablo Neruda muri\u00f3 envenenado. [Foto cortes\u00eda Fundaci\u00f3n Pablo Neruda]&nbsp;FotoVOA Un equipo de expertos judiciales y forenses empez\u00f3 a finales de enero una reuni\u00f3n decisiva para determinar si el premio [&hellip;]<\/p>\n","protected":false},"author":28,"featured_media":0,"comment_status":"closed","ping_status":"","sticky":true,"template":"","format":"standard","meta":{"footnotes":""},"categories":[36,23,29,27],"tags":[],"class_list":["post-414486","post","type-post","status-publish","format-standard","hentry","category-hombresmujeresycosas","category-internacional","category-policiasucesos","category-portada"],"_links":{"self":[{"href":"https:\/\/diariodominicano.com\/index.php?rest_route=\/wp\/v2\/posts\/414486","targetHints":{"allow":["GET"]}}],"collection":[{"href":"https:\/\/diariodominicano.com\/index.php?rest_route=\/wp\/v2\/posts"}],"about":[{"href":"https:\/\/diariodominicano.com\/index.php?rest_route=\/wp\/v2\/types\/post"}],"author":[{"embeddable":true,"href":"https:\/\/diariodominicano.com\/index.php?rest_route=\/wp\/v2\/users\/28"}],"replies":[{"embeddable":true,"href":"https:\/\/diariodominicano.com\/index.php?rest_route=%2Fwp%2Fv2%2Fcomments&post=414486"}],"version-history":[{"count":1,"href":"https:\/\/diariodominicano.com\/index.php?rest_route=\/wp\/v2\/posts\/414486\/revisions"}],"predecessor-version":[{"id":414487,"href":"https:\/\/diariodominicano.com\/index.php?rest_route=\/wp\/v2\/posts\/414486\/revisions\/414487"}],"wp:attachment":[{"href":"https:\/\/diariodominicano.com\/index.php?rest_route=%2Fwp%2Fv2%2Fmedia&parent=414486"}],"wp:term":[{"taxonomy":"category","embeddable":true,"href":"https:\/\/diariodominicano.com\/index.php?rest_route=%2Fwp%2Fv2%2Fcategories&post=414486"},{"taxonomy":"post_tag","embeddable":true,"href":"https:\/\/diariodominicano.com\/index.php?rest_route=%2Fwp%2Fv2%2Ftags&post=414486"}],"curies":[{"name":"wp","href":"https:\/\/api.w.org\/{rel}","templated":true}]}}