{"id":414258,"date":"2023-02-03T16:40:26","date_gmt":"2023-02-03T20:40:26","guid":{"rendered":"http:\/\/diariodominicano.com\/?p=414258"},"modified":"2023-02-03T16:45:08","modified_gmt":"2023-02-03T20:45:08","slug":"ocupan-320-paquetes-presumiblemente-cocaina-en-operativos-simultaneos-en-puerto-multimodal-caucedo-y-san-pedro-de-macoris-dncd","status":"publish","type":"post","link":"https:\/\/diariodominicano.com\/?p=414258","title":{"rendered":"Ocupan 320 paquetes presumiblemente coca\u00edna en operativos simult\u00e1neos en Puerto Multimodal Caucedo y en San Pedro de Macor\u00eds: DNCD"},"content":{"rendered":"\n<p><\/p>\n\n\n\n<figure class=\"wp-block-image size-large\"><img loading=\"lazy\" decoding=\"async\" width=\"1024\" height=\"576\" src=\"https:\/\/diariodominicano.com\/wp-content\/uploads\/2023\/02\/PHOTO-2023-02-03-11-07-09_6-1-1024x576.jpg\" alt=\"\" class=\"wp-image-414264\" srcset=\"https:\/\/diariodominicano.com\/wp-content\/uploads\/2023\/02\/PHOTO-2023-02-03-11-07-09_6-1-1024x576.jpg 1024w, https:\/\/diariodominicano.com\/wp-content\/uploads\/2023\/02\/PHOTO-2023-02-03-11-07-09_6-1-300x169.jpg 300w, https:\/\/diariodominicano.com\/wp-content\/uploads\/2023\/02\/PHOTO-2023-02-03-11-07-09_6-1-768x432.jpg 768w, https:\/\/diariodominicano.com\/wp-content\/uploads\/2023\/02\/PHOTO-2023-02-03-11-07-09_6-1-816x459.jpg 816w, https:\/\/diariodominicano.com\/wp-content\/uploads\/2023\/02\/PHOTO-2023-02-03-11-07-09_6-1.jpg 1280w\" sizes=\"auto, (max-width: 1024px) 100vw, 1024px\" \/><\/figure>\n\n\n\n<h2 class=\"wp-block-heading\">Santo Domingo.-\u00a0La Direcci\u00f3n Nacional de Control de Drogas (DNCD) y miembros del Ministerio P\u00fablico, apoyados por agencias de Inteligencia del Estado, y en el marco del reforzamiento de las labores conjuntas en contra del narcotr\u00e1fico, se  incautaron 320 paquetes presumiblemente coca\u00edna, en operativos simult\u00e1neos, desarrollados en el Puerto Multimodal Caucedo y en San Pedro de Macor\u00eds.<\/h2>\n\n\n\n<figure class=\"wp-block-image size-large\"><img loading=\"lazy\" decoding=\"async\" width=\"1024\" height=\"576\" src=\"https:\/\/diariodominicano.com\/wp-content\/uploads\/2023\/02\/PHOTO-2023-02-03-11-07-09_4-1024x576.jpg\" alt=\"\" class=\"wp-image-414266\" srcset=\"https:\/\/diariodominicano.com\/wp-content\/uploads\/2023\/02\/PHOTO-2023-02-03-11-07-09_4-1024x576.jpg 1024w, https:\/\/diariodominicano.com\/wp-content\/uploads\/2023\/02\/PHOTO-2023-02-03-11-07-09_4-300x169.jpg 300w, https:\/\/diariodominicano.com\/wp-content\/uploads\/2023\/02\/PHOTO-2023-02-03-11-07-09_4-768x432.jpg 768w, https:\/\/diariodominicano.com\/wp-content\/uploads\/2023\/02\/PHOTO-2023-02-03-11-07-09_4-816x459.jpg 816w, https:\/\/diariodominicano.com\/wp-content\/uploads\/2023\/02\/PHOTO-2023-02-03-11-07-09_4.jpg 1280w\" sizes=\"auto, (max-width: 1024px) 100vw, 1024px\" \/><\/figure>\n\n\n\n<h2 class=\"wp-block-heading\"><br><br>En una primera intervenci\u00f3n, realizada en Caucedo, los agentes antinarc\u00f3ticos inspeccionaban varios contenedores, cuando detectaron sustancias extra\u00f1as en una carga de guineos que ser\u00eda embarcada a R\u00f3terdam, Holanda.<br><br>Posteriormente, en presencia de un fiscal adjunto, se procedi\u00f3 abrir el contenedor, encontrando camuflados en su interior siete bultos, conteniendo 200 paquetes, presumiblemente de coca\u00edna.<br><br>El Ministerio P\u00fablico y la DNCD manejan buenas informaciones en torno a este caso y esperan aportar en las pr\u00f3ximas horas, nuevos elementos a la investigaci\u00f3n, para arrestar a los implicados en el frustrado env\u00edo de la sustancia a Europa.<br><br>En una segunda operaci\u00f3n, los agentes antinarc\u00f3ticos y fiscales de San Pedro de Macor\u00eds, montaron un operativo de vigilancia en la zona costera del municipio de Juan Dolio, donde localizaron a dos hombres a bordo de un veh\u00edculo, quienes al notar la presencia de las autoridades emprendieron la huida, dejando abandonada una minivan marca Toyota, modelo Sienna, color blanco, placa I-090185.<br><br>Luego en presencia de un fiscal adjunto se procedi\u00f3 a requisar el veh\u00edculo, ocupando en su interior seis pacas, con 120 paquetes de una sustancia que se presume es coca\u00edna, as\u00ed como documentos personales, que permitir\u00e1n a los equipos investigativos ampliar las indagatorias.<br><br>El Ministerio P\u00fablico y la DNCD investigan adem\u00e1s, si el decomiso de los 94 paquetes ocupados en el r\u00edo Higuamo, San Pedro de Macor\u00eds, guarda alguna relacion con este caso, mientras los equipos t\u00e1cticos y operativos, siguen desarrollando operativos conjuntos en todo el litoral costero en busca de nuevas evidencias.<br><br>\u201cDos hombres que ya han sido identificados est\u00e1n siendo buscados por las autoridades para que respondan por la frustrada operaci\u00f3n de narcotr\u00e1fico internacional\u201d<br><br>Los 320 paquetes ocupados en las dos operaciones, fueron enviados bajo cadena de custodia al Instituto Nacional de Ciencias Forenses INACIF para determinar tipo y peso exacto de la sustancia.<br><br>Direcci\u00f3n de Comunicaciones, DNCD.-<br><br>Viernes 03 de febrero, 2023.-<\/h2>\n","protected":false},"excerpt":{"rendered":"<p>Santo Domingo.-\u00a0La Direcci\u00f3n Nacional de Control de Drogas (DNCD) y miembros del Ministerio P\u00fablico, apoyados por agencias de Inteligencia del Estado, y en el marco del reforzamiento de las labores conjuntas en contra del narcotr\u00e1fico, se incautaron 320 paquetes presumiblemente coca\u00edna, en operativos simult\u00e1neos, desarrollados en el Puerto Multimodal Caucedo y en San Pedro de [&hellip;]<\/p>\n","protected":false},"author":28,"featured_media":414262,"comment_status":"closed","ping_status":"","sticky":true,"template":"","format":"standard","meta":{"footnotes":""},"categories":[24,29,27],"tags":[],"class_list":["post-414258","post","type-post","status-publish","format-standard","has-post-thumbnail","hentry","category-justicia-y-derecho","category-policiasucesos","category-portada"],"_links":{"self":[{"href":"https:\/\/diariodominicano.com\/index.php?rest_route=\/wp\/v2\/posts\/414258","targetHints":{"allow":["GET"]}}],"collection":[{"href":"https:\/\/diariodominicano.com\/index.php?rest_route=\/wp\/v2\/posts"}],"about":[{"href":"https:\/\/diariodominicano.com\/index.php?rest_route=\/wp\/v2\/types\/post"}],"author":[{"embeddable":true,"href":"https:\/\/diariodominicano.com\/index.php?rest_route=\/wp\/v2\/users\/28"}],"replies":[{"embeddable":true,"href":"https:\/\/diariodominicano.com\/index.php?rest_route=%2Fwp%2Fv2%2Fcomments&post=414258"}],"version-history":[{"count":6,"href":"https:\/\/diariodominicano.com\/index.php?rest_route=\/wp\/v2\/posts\/414258\/revisions"}],"predecessor-version":[{"id":414268,"href":"https:\/\/diariodominicano.com\/index.php?rest_route=\/wp\/v2\/posts\/414258\/revisions\/414268"}],"wp:featuredmedia":[{"embeddable":true,"href":"https:\/\/diariodominicano.com\/index.php?rest_route=\/wp\/v2\/media\/414262"}],"wp:attachment":[{"href":"https:\/\/diariodominicano.com\/index.php?rest_route=%2Fwp%2Fv2%2Fmedia&parent=414258"}],"wp:term":[{"taxonomy":"category","embeddable":true,"href":"https:\/\/diariodominicano.com\/index.php?rest_route=%2Fwp%2Fv2%2Fcategories&post=414258"},{"taxonomy":"post_tag","embeddable":true,"href":"https:\/\/diariodominicano.com\/index.php?rest_route=%2Fwp%2Fv2%2Ftags&post=414258"}],"curies":[{"name":"wp","href":"https:\/\/api.w.org\/{rel}","templated":true}]}}