{"id":41415,"date":"2019-11-04T23:39:14","date_gmt":"2019-11-04T23:39:14","guid":{"rendered":"http:\/\/diariodominicano.ddns.net\/?p=41415"},"modified":"2019-11-04T23:39:14","modified_gmt":"2019-11-04T23:39:14","slug":"la-pobreza-postal-de-discriminacion-o-espacio-de-redencion","status":"publish","type":"post","link":"https:\/\/diariodominicano.com\/?p=41415","title":{"rendered":"La pobreza, \u00bfpostal de discriminaci\u00f3n o espacio de redenci\u00f3n?"},"content":{"rendered":"<p><body><\/p>\n<p><strong>Diariodominicano.com<\/strong><\/p>\n<\/p>\n<p><strong>Manuel D\u00edaz Aponte<\/strong><\/p>\n<\/p>\n<p>\u00a1Qu\u00e9 carajo! les importa a los m\u00e1s pobres del mundo el crecimiento sostenido de las principales econom\u00edas.  <\/p>\n<\/p>\n<p>Para qu\u00e9 les sirve eso, si ni quiera tienen derecho a la vida, a respirar libremente, ni muchos menos a so\u00f1ar con alcanzar la dignidad humana.  <\/p>\n<\/p>\n<p>Ellos seguir\u00e1n viviendo inhumanamente sin acceso a la alimentaci\u00f3n, vivienda, salud, educaci\u00f3n y mucho menos a una sana recreaci\u00f3n. <\/p>\n<\/p>\n<p>Datos del Banco Mundial apuntan que casi la mitad de la poblaci\u00f3n en el universo vive con menos de dos d\u00f3lares y cincuenta centavos al d\u00eda. Hay 400 millones de ni\u00f1os en pobreza extrema.<\/p>\n<\/p>\n<p>Y anualmente seis millones de infantes menores de 5 a\u00f1os mueren de desnutrici\u00f3n cr\u00f3nica.    <\/p>\n<\/p>\n<p>Sin embargo, el propio organismo financiero mundial dice que el crecimiento de las econom\u00edas emergentes y en desarrollo  en lo que resta del 2019 descender\u00e1 al 4%. Pero ya en 2020, crecer\u00e1 a un ritmo del 4,6%.   <\/p>\n<\/p>\n<p>La luz de esperanza que ilumina a los desamparados de la fortuna es Dios, al que siempre apelan conscientes de que por lo menos encontrar\u00e1n en \u00e9l la compasi\u00f3n necesaria para reconfortar el alma. <\/p>\n<\/p>\n<p>Pero tambi\u00e9n, \u00bfcu\u00e1l ser\u00eda la actitud de Jesucristo al contemplar la disparidad de una sociedad donde millares de gentes mueren por carecer de alimentos?  <\/p>\n<\/p>\n<p>A los pobres del mundo pocos les importan aquellas cifras maquilladas de crecimiento y estabilidad de la macroeconom\u00eda que orgullosamente ofrecen los representantes de los organismos financieros.<\/p>\n<\/p>\n<p>Sencillamente porque esas riquezas se quedan en manos de sectores poblacionales privilegiados transformando la convivencia social en espacios cerrados, inseguros, violentos, excluyentes y soberbiamente desiguales. <\/p>\n<\/p>\n<p>La Riqueza Secuestrada<\/p>\n<\/p>\n<p>Los organismos financieros mundiales y los propios gobiernos soportes de la influyente democracia representativa deben sentir verg\u00fcenza ante la inmensa miseria que bordea cualquier rinc\u00f3n del planeta.<\/p>\n<\/p>\n<p>En naciones donde la democracia ha alcanzado niveles de madurez todav\u00eda la insalubridad, corrupci\u00f3n, falta de servicios b\u00e1sicos y desempleos siguen castigando a la ciudadan\u00eda que acude a las urnas a elegir a sus autoridades. <\/p>\n<\/p>\n<p>La pobreza est\u00e1 considerada como la nueva herramienta de la esclavitud moderna porque condena a millares de seres humanos a vivir en el oscurantismo, atraso,  excluido, doblegado y sin ninguna expectativa de cambios.<\/p>\n<\/p>\n<p>Y otra pregunta: \u00bfPara qu\u00e9 sirve la riqueza material en este planeta si al final no ha transformado los rostros de la desigualdad y la injusticia?<\/p>\n<\/p>\n<p>\u00bfQu\u00e9 beneficios nos dejan esos crecimientos econ\u00f3micos si cada vez hay m\u00e1s pobreza y desigualdades?<\/p>\n<\/p>\n<p>Por el contrario, las masivas exclusiones en el seno de la sociedad generan mayores resentimientos que se traducen en violencia callejera, asaltos, insatisfacciones, movilizaciones sociales, paralizaciones de los aparatos productivos y deterioro generativo de la convivencia y armon\u00eda entre los comunitarios.<\/p>\n<\/p>\n<p>Es un imperativo que la Organizaci\u00f3n de las Naciones Unidas (ONU), los organismos financieros mundiales y los gobiernos de las naciones m\u00e1s desarrolladas e industrializadas elaboren y propicien la aplicaci\u00f3n de un nuevo modelo comercial y econ\u00f3mico que genere m\u00e1s riquezas, empleos y sobre todo, mayor inclusi\u00f3n social de los depauperados de siempre.<\/p>\n<\/p>\n<p>\u00c1frica, Asia, Am\u00e9rica Latina y hasta muchos pa\u00edses del \u00abprimer mundo\u00bb demandan un nuevo esquema de  redistribuci\u00f3n de los bienes productivos que tenga como norte principal al ser humano.<\/p>\n<\/p>\n<p>L\u00f3pez Obrador Vs. Alberto Fern\u00e1ndez<\/p>\n<\/p>\n<p>En el \u00e1mbito pol\u00edtico latinoamericano se reflexiona constantemente sobre el impacto que contin\u00faa teniendo el neoliberalismo en las decisiones gubernamentales y lo que ello representa para la vida de millones de ciudadanos de la regi\u00f3n.<\/p>\n<\/p>\n<p>El presidente electo de Argentina Alberto Fern\u00e1ndez en su primer encuentro con el presidente de M\u00e9xico, Jos\u00e9 Manuel L\u00f3pez Obrador, reconoci\u00f3 los grandes retos que tiene Latinoam\u00e9rica en materia econ\u00f3mica y pol\u00edtica.<\/p>\n<\/p>\n<p>Ambos l\u00edderes dialogaron en la capital mexicana por m\u00e1s de una hora sobre las relaciones diplom\u00e1ticas y comerciales de sus respectivos pa\u00edses.<\/p>\n<\/p>\n<p>Se anticipa que podr\u00edan gestar un nuevo eje pol\u00edtico e ide\u00f3logo moderado orientado a fortalecer los v\u00ednculos con sus vecinos a trav\u00e9s del Grupo de Puebla. Y tratar de alcanzar mejores entendimientos hacia la administraci\u00f3n del presidente Donald Trump.<\/p>\n<\/p>\n<p>Fern\u00e1ndez, experimentado dirigente peronista opt\u00f3 por efectuar su primer viaje al exterior acudiendo a M\u00e9xico y no a Brasil, como es tradici\u00f3n en los gobernantes que asumen el poder en Argentina.<\/p>\n<\/p>\n<p>Evidentemente que las relaciones Brasil-Argentina podr\u00edan verse disminuidas a partir del 10 de diciembre cuando ingrese a la Casa Rosada su nuevo inquilino.<\/p>\n<\/p>\n<p>Las declaraciones del presidente brasile\u00f1o Jair Bolsonaro tras la victoria en primera vuelta de Alberto Fern\u00e1ndez pronostican que los tradicionales rivales del f\u00fatbol y la pol\u00edtica suramericana estar\u00edan m\u00e1s separados que nunca.<\/p>\n<\/p>\n<p>Art\u00edculo de Manuel D\u00edaz Aponte<\/p>\n<\/p>\n<h6> 2019-11-04 23:39:14 <\/h6>\n<p><!--\n<link rel=\"stylesheet\" href=\"css\/bootstrap.min.css\">\n\n\n<ul class=\"pagination\">\n\t    \n\t\n\n<li >\n\t<a href='?page_no=452'>Previous<\/a>\n\t<\/li>\n\n\n       \n    \n\n<li><a href='?page_no=1'>1<\/a><\/li>\n\n\n\n<li><a href='?page_no=2'>2<\/a><\/li>\n\n\n\n<li><a>...<\/a><\/li>\n\n\n\n<li><a href='?page_no=451'>451<\/a><\/li>\n\n\n\n<li><a href='?page_no=452'>452<\/a><\/li>\n\n\n\n<li class='active'><a>453<\/a><\/li>\n\n\n\n<li><a href='?page_no=454'>454<\/a><\/li>\n\n\n\n<li><a href='?page_no=455'>455<\/a><\/li>\n\n\n\n<li><a>...<\/a><\/li>\n\n\n\n<li><a href='?page_no=13611'>13611<\/a><\/li>\n\n\n\n<li><a href='?page_no=13612'>13612<\/a><\/li>\n\n    \n\t\n\n<li >\n\t<a href='?page_no=454'>Next<\/a>\n\t<\/li>\n\n\n    \n\n<li><a href='?page_no=13612'>Last &rsaquo;&rsaquo;<\/a><\/li>\n\n<\/ul>\n\n\n--><br \/>\n<\/body><\/p>\n","protected":false},"excerpt":{"rendered":"<p>Diariodominicano.com Manuel D\u00edaz Aponte \u00a1Qu\u00e9 carajo! les importa a los m\u00e1s pobres del mundo el crecimiento sostenido de las principales econom\u00edas. Para qu\u00e9 les sirve eso, si ni quiera tienen derecho a la vida, a respirar libremente, ni muchos menos a so\u00f1ar con alcanzar la dignidad humana. Ellos seguir\u00e1n viviendo inhumanamente sin acceso a la [&hellip;]<\/p>\n","protected":false},"author":3,"featured_media":0,"comment_status":"open","ping_status":"open","sticky":false,"template":"","format":"standard","meta":{"footnotes":""},"categories":[16],"tags":[],"class_list":["post-41415","post","type-post","status-publish","format-standard","hentry","category-opiniones"],"_links":{"self":[{"href":"https:\/\/diariodominicano.com\/index.php?rest_route=\/wp\/v2\/posts\/41415","targetHints":{"allow":["GET"]}}],"collection":[{"href":"https:\/\/diariodominicano.com\/index.php?rest_route=\/wp\/v2\/posts"}],"about":[{"href":"https:\/\/diariodominicano.com\/index.php?rest_route=\/wp\/v2\/types\/post"}],"author":[{"embeddable":true,"href":"https:\/\/diariodominicano.com\/index.php?rest_route=\/wp\/v2\/users\/3"}],"replies":[{"embeddable":true,"href":"https:\/\/diariodominicano.com\/index.php?rest_route=%2Fwp%2Fv2%2Fcomments&post=41415"}],"version-history":[{"count":0,"href":"https:\/\/diariodominicano.com\/index.php?rest_route=\/wp\/v2\/posts\/41415\/revisions"}],"wp:attachment":[{"href":"https:\/\/diariodominicano.com\/index.php?rest_route=%2Fwp%2Fv2%2Fmedia&parent=41415"}],"wp:term":[{"taxonomy":"category","embeddable":true,"href":"https:\/\/diariodominicano.com\/index.php?rest_route=%2Fwp%2Fv2%2Fcategories&post=41415"},{"taxonomy":"post_tag","embeddable":true,"href":"https:\/\/diariodominicano.com\/index.php?rest_route=%2Fwp%2Fv2%2Ftags&post=41415"}],"curies":[{"name":"wp","href":"https:\/\/api.w.org\/{rel}","templated":true}]}}