{"id":414112,"date":"2023-02-03T09:05:58","date_gmt":"2023-02-03T13:05:58","guid":{"rendered":"http:\/\/diariodominicano.com\/?p=414112"},"modified":"2023-02-03T09:06:31","modified_gmt":"2023-02-03T13:06:31","slug":"policia-de-santiago-apresa-dos-hombres-por-porte-ilegal-de-arma-de-fuego","status":"publish","type":"post","link":"https:\/\/diariodominicano.com\/?p=414112","title":{"rendered":"Polic\u00eda de Santiago apresa dos hombres por porte ilegal de arma de fuego"},"content":{"rendered":"\n<p>Dos pistolas le fueron ocupadas.-<\/p>\n\n\n\n<p>Santiago de Los Caballeros,  3 de Febrero del 2023. Durante operativos mixtos realizados por agentes de DICRIM, adscritos al destacamento del sector Los Salados de esta Direcci\u00f3n Regional Cibao Central, apresaron dos hombres tras ocuparles a cada uno igual n\u00famero de armas de fuego, portada de manera ilegal, inform\u00f3 el viernes la Polic\u00eda Nacional en un comunicado de prensa.<\/p>\n\n\n\n<p>Los detenidos son Ronny Waldo Diaz Dominguez de 33 a\u00f1os y Remy Alexis J\u00e1quez Flores de 40, quienes &nbsp;transitaban de manera sospechosa por la carretera Jacagua, a bordo de la camioneta &nbsp;Toyota, modelo Hilux RSV, color negro, placa L355895, chasis MROFZ29G602564866.<\/p>\n\n\n\n<p>Los prevenidos al ser requisados, al primero se le ocup\u00f3 la pistola marca Glock, calibre 9 mil\u00edmetros, con dos numeraciones en ca\u00f1\u00f3n No. BYFV436 y en la corredera No. AFMM599, con su cargador y 4 c\u00e1psulas.<\/p>\n\n\n\n<figure class=\"wp-block-image size-large\"><img loading=\"lazy\" decoding=\"async\" width=\"768\" height=\"1024\" src=\"https:\/\/diariodominicano.com\/wp-content\/uploads\/2023\/02\/santiago-armas-032023-768x1024.png\" alt=\"\" class=\"wp-image-414114\" srcset=\"https:\/\/diariodominicano.com\/wp-content\/uploads\/2023\/02\/santiago-armas-032023-768x1024.png 768w, https:\/\/diariodominicano.com\/wp-content\/uploads\/2023\/02\/santiago-armas-032023-225x300.png 225w, https:\/\/diariodominicano.com\/wp-content\/uploads\/2023\/02\/santiago-armas-032023-1152x1536.png 1152w, https:\/\/diariodominicano.com\/wp-content\/uploads\/2023\/02\/santiago-armas-032023-816x1088.png 816w, https:\/\/diariodominicano.com\/wp-content\/uploads\/2023\/02\/santiago-armas-032023.png 1200w\" sizes=\"auto, (max-width: 768px) 100vw, 768px\" \/><figcaption>La pistola ocupada<\/figcaption><\/figure>\n\n\n\n<p>En tanto que al segundo le fue ocupada la pistola Sig Sauer, calibre 9 mil\u00edmetros, modelo P938, serie No. 52B061534, con su cargador y 4 municiones.<\/p>\n\n\n\n<p>Ambas armas eran portada sin ning\u00fan tipo de documentos, las mismas junto a los detenidos<br>ser\u00e1n enviados al Ministerio P\u00fablico para los fines correspondientes de ley.<\/p>\n\n\n\n<p>Las intervenciones diarias son efectuadas bajo las instrucciones de nuestro director general de la Polic\u00eda Nacional, mayor general Eduardo &nbsp;Alberto Then de la mano con el director Regional general Ram\u00f3n Azcona Reyes, con el fin de contrarrestar los actos delictivos y garantizar la seguridad ciudadana.<\/p>\n\n\n\n<p>OFICINA DE INFORMACI\u00d3N Y COMUNICACIONES ESTRAT\u00c9GICAS DIRECCI\u00d3N REGIONAL CIBAO CENTRAL DE LA POLIC\u00cdA NACIONAL.<\/p>\n","protected":false},"excerpt":{"rendered":"<p>Dos pistolas le fueron ocupadas.- Santiago de Los Caballeros, 3 de Febrero del 2023. Durante operativos mixtos realizados por agentes de DICRIM, adscritos al destacamento del sector Los Salados de esta Direcci\u00f3n Regional Cibao Central, apresaron dos hombres tras ocuparles a cada uno igual n\u00famero de armas de fuego, portada de manera ilegal, inform\u00f3 el [&hellip;]<\/p>\n","protected":false},"author":28,"featured_media":414113,"comment_status":"closed","ping_status":"","sticky":true,"template":"","format":"standard","meta":{"footnotes":""},"categories":[29,27],"tags":[],"class_list":["post-414112","post","type-post","status-publish","format-standard","has-post-thumbnail","hentry","category-policiasucesos","category-portada"],"_links":{"self":[{"href":"https:\/\/diariodominicano.com\/index.php?rest_route=\/wp\/v2\/posts\/414112","targetHints":{"allow":["GET"]}}],"collection":[{"href":"https:\/\/diariodominicano.com\/index.php?rest_route=\/wp\/v2\/posts"}],"about":[{"href":"https:\/\/diariodominicano.com\/index.php?rest_route=\/wp\/v2\/types\/post"}],"author":[{"embeddable":true,"href":"https:\/\/diariodominicano.com\/index.php?rest_route=\/wp\/v2\/users\/28"}],"replies":[{"embeddable":true,"href":"https:\/\/diariodominicano.com\/index.php?rest_route=%2Fwp%2Fv2%2Fcomments&post=414112"}],"version-history":[{"count":3,"href":"https:\/\/diariodominicano.com\/index.php?rest_route=\/wp\/v2\/posts\/414112\/revisions"}],"predecessor-version":[{"id":414117,"href":"https:\/\/diariodominicano.com\/index.php?rest_route=\/wp\/v2\/posts\/414112\/revisions\/414117"}],"wp:featuredmedia":[{"embeddable":true,"href":"https:\/\/diariodominicano.com\/index.php?rest_route=\/wp\/v2\/media\/414113"}],"wp:attachment":[{"href":"https:\/\/diariodominicano.com\/index.php?rest_route=%2Fwp%2Fv2%2Fmedia&parent=414112"}],"wp:term":[{"taxonomy":"category","embeddable":true,"href":"https:\/\/diariodominicano.com\/index.php?rest_route=%2Fwp%2Fv2%2Fcategories&post=414112"},{"taxonomy":"post_tag","embeddable":true,"href":"https:\/\/diariodominicano.com\/index.php?rest_route=%2Fwp%2Fv2%2Ftags&post=414112"}],"curies":[{"name":"wp","href":"https:\/\/api.w.org\/{rel}","templated":true}]}}