{"id":414086,"date":"2023-02-03T01:19:44","date_gmt":"2023-02-03T05:19:44","guid":{"rendered":"http:\/\/diariodominicano.com\/?p=414086"},"modified":"2023-02-03T01:20:48","modified_gmt":"2023-02-03T05:20:48","slug":"pn-apresa-dos-hombres-por-robo-ocupa-arma-de-fuego-sin-documentos-y-recupera-vehiculos-en-santiago","status":"publish","type":"post","link":"https:\/\/diariodominicano.com\/?p=414086","title":{"rendered":"PN apresa dos hombres por robo, ocupa arma de fuego sin documentos y recupera veh\u00edculos en Santiago"},"content":{"rendered":"\n<p>Santiago de Los Caballeros, 2 de Febrero del 2023.-Miembros de la Polic\u00eda Preventiva y de la Direcci\u00f3n Central de Investigaciones Criminales, apresaron dos hombres por robo y porte ilegal de arma de fuego y recuperan dos veh\u00edculos, en operativos realizados en diferentes sectores de esta ciudad.<\/p>\n\n\n\n<figure class=\"wp-block-image size-full\"><img loading=\"lazy\" decoding=\"async\" width=\"101\" height=\"69\" src=\"https:\/\/diariodominicano.com\/wp-content\/uploads\/2023\/02\/unnamed-2.png\" alt=\"\" class=\"wp-image-414089\"\/><\/figure>\n\n\n\n<p>En el sector Mari L\u00f3pez, fue detenido Freylin Arismendi Parra Reyes de 24 a\u00f1os, por haberle ocupado mediante allanamiento &nbsp;la pistola marca Glock, calibre 9 mil\u00edmetros, serie No. EVS207, con un cargador de capacidad de 31 c\u00e1psulas, &nbsp;la cual portaba documentos, as\u00ed como tambi\u00e9n &nbsp;una computadora Lap Top, marca Accer y la suma de $22,5000 pesos en efectivo.<\/p>\n\n\n\n<p>Durante &nbsp;las intervenciones &nbsp;en el ensanche Libertad, fue recuperado el veh\u00edculo marca Toyota Corrolla de color gris, placa A224504, chasis 2T1AE91A3MC091360, el cual al ser depurado en nuestro sistema &nbsp;figura con denuncia No. 303698, de fecha 07-04-2018, como &nbsp;robado.<\/p>\n\n\n\n<p>Igualmente en el municipio de Tamboril, fue localizada la motocicleta marca Yamaha, modelo JOG503YJ, &nbsp;de color negro, placa K1643613.<\/p>\n\n\n\n<p>Finalmente en el distrito municipal de Hato del Yaque, fue apresado Juan Jos\u00e9 Santos Valdez, alias El Calvo, de 23 a\u00f1os, por tener orden de arresto en su contra No. 4612-2020, el cual &nbsp;sustrajo de una residencia un televisor plasma, de 18 pulgadas, una bocina Bluetooth y una cantidad indeterminada de tenis y pantalones de hombre.<\/p>\n\n\n\n<p>En cuanto a los detenidos y lo ocupado, fueron enviados al Ministerio P\u00fablico, para los fines de ley correspondiente.<\/p>\n\n\n\n<p>policia nacional<a target=\"_blank\" href=\"mailto:npolicia14@gmail.com\" rel=\"noreferrer noopener\">npolicia14@gmail.com<\/a><\/p>\n\n\n\n<p>OFICINA DE INFORMACION Y COMUNICACIONES ESTRAT\u00c9GICAS, DIRECCION REGIONAL CIBAO CENTRAL, P.N.<\/p>\n","protected":false},"excerpt":{"rendered":"<p>Santiago de Los Caballeros, 2 de Febrero del 2023.-Miembros de la Polic\u00eda Preventiva y de la Direcci\u00f3n Central de Investigaciones Criminales, apresaron dos hombres por robo y porte ilegal de arma de fuego y recuperan dos veh\u00edculos, en operativos realizados en diferentes sectores de esta ciudad. En el sector Mari L\u00f3pez, fue detenido Freylin Arismendi [&hellip;]<\/p>\n","protected":false},"author":28,"featured_media":414087,"comment_status":"closed","ping_status":"","sticky":false,"template":"","format":"standard","meta":{"footnotes":""},"categories":[29],"tags":[],"class_list":["post-414086","post","type-post","status-publish","format-standard","has-post-thumbnail","hentry","category-policiasucesos"],"_links":{"self":[{"href":"https:\/\/diariodominicano.com\/index.php?rest_route=\/wp\/v2\/posts\/414086","targetHints":{"allow":["GET"]}}],"collection":[{"href":"https:\/\/diariodominicano.com\/index.php?rest_route=\/wp\/v2\/posts"}],"about":[{"href":"https:\/\/diariodominicano.com\/index.php?rest_route=\/wp\/v2\/types\/post"}],"author":[{"embeddable":true,"href":"https:\/\/diariodominicano.com\/index.php?rest_route=\/wp\/v2\/users\/28"}],"replies":[{"embeddable":true,"href":"https:\/\/diariodominicano.com\/index.php?rest_route=%2Fwp%2Fv2%2Fcomments&post=414086"}],"version-history":[{"count":2,"href":"https:\/\/diariodominicano.com\/index.php?rest_route=\/wp\/v2\/posts\/414086\/revisions"}],"predecessor-version":[{"id":414090,"href":"https:\/\/diariodominicano.com\/index.php?rest_route=\/wp\/v2\/posts\/414086\/revisions\/414090"}],"wp:featuredmedia":[{"embeddable":true,"href":"https:\/\/diariodominicano.com\/index.php?rest_route=\/wp\/v2\/media\/414087"}],"wp:attachment":[{"href":"https:\/\/diariodominicano.com\/index.php?rest_route=%2Fwp%2Fv2%2Fmedia&parent=414086"}],"wp:term":[{"taxonomy":"category","embeddable":true,"href":"https:\/\/diariodominicano.com\/index.php?rest_route=%2Fwp%2Fv2%2Fcategories&post=414086"},{"taxonomy":"post_tag","embeddable":true,"href":"https:\/\/diariodominicano.com\/index.php?rest_route=%2Fwp%2Fv2%2Ftags&post=414086"}],"curies":[{"name":"wp","href":"https:\/\/api.w.org\/{rel}","templated":true}]}}