{"id":41404,"date":"2019-11-05T08:50:18","date_gmt":"2019-11-05T08:50:18","guid":{"rendered":"http:\/\/diariodominicano.ddns.net\/?p=41404"},"modified":"2019-11-05T08:50:18","modified_gmt":"2019-11-05T08:50:18","slug":"un-compromiso-de-doble-via","status":"publish","type":"post","link":"https:\/\/diariodominicano.com\/?p=41404","title":{"rendered":"&#13;UN COMPROMISO DE DOBLE VIA"},"content":{"rendered":"<p><body><\/p>\n<p>EN PRIMERA FILA<\/p>\n<p>UN COMPROMISO DE DOBLE VIA<\/p>\n<p><strong>Mario Rivadulla<\/strong><\/p>\n<\/p>\n<p>En el amplio trabajo de auditor\u00eda que est\u00e1 llevando a cabo la OXFAN sobre la econom\u00eda nacional y otros aspectos de nuestra realidad como pa\u00eds, destaca la versi\u00f3n del que publica  la prensa matutina en que hace notar el bajo porcentaje de tributaci\u00f3n que se paga en el pa\u00eds en comparaci\u00f3n con otros del \u00e1rea, sugiere poner mayor \u00e9nfasis en los impuestos directos a los ingresos y aumentar otras tasas como la del gravamen a la propiedad inmobiliaria.<\/p>\n<\/p>\n<p>Creemos, sin embargo, al menos no aparece en la versi\u00f3n period\u00edstica, que el valioso informe adolece de algunos aspectos que es preciso tomar en cuenta y que influyen en alguna medida en ese an\u00e1lisis.<\/p>\n<\/p>\n<p>Con frecuencia se menciona el hecho de que la carga fiscal que prevalece en el pa\u00eds est\u00e1 por debajo del promedio continental.  Y se baraja la cifra de entre un 13 y un 14 por ciento.  Pero&#8230;\u00bfse corresponde la misma con la realidad, o es una verdad a medias? <\/p>\n<\/p>\n<p> Cuando el propio director general de Impuestos Internos, quien hace demostrables esfuerzos por aumentar las recaudaciones, afirma que los niveles de evasi\u00f3n tanto del ITBIS como del ISR superan  el cincuenta por ciento, se llega entonces a la obligada conclusi\u00f3n de que esa baja presi\u00f3n fiscal est\u00e1 soportada por menos de la mitad de los contribuyentes que cumplen con sus obligaciones fiscales.  <\/p>\n<\/p>\n<p>Para estos \u00faltimos por consiguiente, la carga tributaria viene a resultar el doble de la cifra se\u00f1alada, mientras que para los evasores, en tanto lo sigan siendo, ser\u00e1 cero.  Aumentar los impuestos sin mejorar sustancialmente esta desproporci\u00f3n, equivaldr\u00eda a castigar a los que pagan ensanchando la brecha con los que evaden esa obligaci\u00f3n.<\/p>\n<\/p>\n<p>El otro punto de importancia corresponde a las obligaciones del Estado con respecto a los contribuyentes en justa correspondencia a los aportes de estos. <\/p>\n<\/p>\n<p>Entre los aspectos a considerar ser\u00edan, para mencionar los mas relevantes: mejorar la calidad del gasto p\u00fablico, eliminando privilegios irritantes y costosos; erradicar el clientelismo; la innecesaria y abultad\u00edsima n\u00f3mina p\u00fablica;  las botellas; los privilegios, barrilitos, cofrecitos, exoneraciones para carros lujosos y costosos y otros derroches similares; una continua auditor\u00eda sobre la forma en que se emplean los fondos p\u00fablicos no solo en los organismos del Estado, sino en las instituciones aut\u00f3nomas, los partidos pol\u00edticos, las ONGS y todas aquellas que figuren en el presupuesto.<\/p>\n<\/p>\n<p>En el mismo orden: dejar bien definido en el presupuesto la variedad y calidad de servicios y bienes que los ciudadanos recibir\u00e1n del Estado a cambio de los impuestos que pagan: seguridad, energ\u00eda estable, agua potable, limpieza de las v\u00edas p\u00fablicas y recogida de basura; calles, contenes, aceras, avenidas, carreteras y autopistas bien asfaltadas y mantenidas; eficientes servicios  de salud preventiva, atenciones m\u00e9dicas y hospitalarias; una educaci\u00f3n p\u00fablica de calidad; un sistema confiable de seguridad social; autoridades comprometidas con velar por el cumplimiento de las leyes y normas; una administraci\u00f3n de justicia ciega y sorda a presiones y contubernios para sancionar lo mal hecho sin distingos ni privilegios.<\/p>\n<\/p>\n<p>Los ciudadanos est\u00e1n obligados al sostenimiento del Estado con el pago de los impuestos.  Pero el  Estado, a su vez, est\u00e1 obligado a retribuir  a los ciudadanos por esos aportes en servicios y bienes que contribuyan a garantizarles una adecuada calidad de vida.  Es un compromiso de doble v\u00eda que debe correr en ambas direcciones, por lo que todo proyecto impositivo tiene necesariamente que partir de esa base.<\/p>\n<\/p>\n<\/p>\n<h6> 2019-11-05 08:50:18 <\/h6>\n<p><!--\n<link rel=\"stylesheet\" href=\"css\/bootstrap.min.css\">\n\n\n<ul class=\"pagination\">\n\t    \n\t\n\n<li >\n\t<a href='?page_no=451'>Previous<\/a>\n\t<\/li>\n\n\n       \n    \n\n<li><a href='?page_no=1'>1<\/a><\/li>\n\n\n\n<li><a href='?page_no=2'>2<\/a><\/li>\n\n\n\n<li><a>...<\/a><\/li>\n\n\n\n<li><a href='?page_no=450'>450<\/a><\/li>\n\n\n\n<li><a href='?page_no=451'>451<\/a><\/li>\n\n\n\n<li class='active'><a>452<\/a><\/li>\n\n\n\n<li><a href='?page_no=453'>453<\/a><\/li>\n\n\n\n<li><a href='?page_no=454'>454<\/a><\/li>\n\n\n\n<li><a>...<\/a><\/li>\n\n\n\n<li><a href='?page_no=13611'>13611<\/a><\/li>\n\n\n\n<li><a href='?page_no=13612'>13612<\/a><\/li>\n\n    \n\t\n\n<li >\n\t<a href='?page_no=453'>Next<\/a>\n\t<\/li>\n\n\n    \n\n<li><a href='?page_no=13612'>Last &rsaquo;&rsaquo;<\/a><\/li>\n\n<\/ul>\n\n\n--><br \/>\n<\/body><\/p>\n","protected":false},"excerpt":{"rendered":"<p>EN PRIMERA FILA UN COMPROMISO DE DOBLE VIA Mario Rivadulla En el amplio trabajo de auditor\u00eda que est\u00e1 llevando a cabo la OXFAN sobre la econom\u00eda nacional y otros aspectos de nuestra realidad como pa\u00eds, destaca la versi\u00f3n del que publica la prensa matutina en que hace notar el bajo porcentaje de tributaci\u00f3n que se [&hellip;]<\/p>\n","protected":false},"author":3,"featured_media":0,"comment_status":"open","ping_status":"open","sticky":false,"template":"","format":"standard","meta":{"footnotes":""},"categories":[16],"tags":[],"class_list":["post-41404","post","type-post","status-publish","format-standard","hentry","category-opiniones"],"_links":{"self":[{"href":"https:\/\/diariodominicano.com\/index.php?rest_route=\/wp\/v2\/posts\/41404","targetHints":{"allow":["GET"]}}],"collection":[{"href":"https:\/\/diariodominicano.com\/index.php?rest_route=\/wp\/v2\/posts"}],"about":[{"href":"https:\/\/diariodominicano.com\/index.php?rest_route=\/wp\/v2\/types\/post"}],"author":[{"embeddable":true,"href":"https:\/\/diariodominicano.com\/index.php?rest_route=\/wp\/v2\/users\/3"}],"replies":[{"embeddable":true,"href":"https:\/\/diariodominicano.com\/index.php?rest_route=%2Fwp%2Fv2%2Fcomments&post=41404"}],"version-history":[{"count":0,"href":"https:\/\/diariodominicano.com\/index.php?rest_route=\/wp\/v2\/posts\/41404\/revisions"}],"wp:attachment":[{"href":"https:\/\/diariodominicano.com\/index.php?rest_route=%2Fwp%2Fv2%2Fmedia&parent=41404"}],"wp:term":[{"taxonomy":"category","embeddable":true,"href":"https:\/\/diariodominicano.com\/index.php?rest_route=%2Fwp%2Fv2%2Fcategories&post=41404"},{"taxonomy":"post_tag","embeddable":true,"href":"https:\/\/diariodominicano.com\/index.php?rest_route=%2Fwp%2Fv2%2Ftags&post=41404"}],"curies":[{"name":"wp","href":"https:\/\/api.w.org\/{rel}","templated":true}]}}