{"id":41393,"date":"2019-11-06T12:44:35","date_gmt":"2019-11-06T12:44:35","guid":{"rendered":"http:\/\/diariodominicano.ddns.net\/?p=41393"},"modified":"2019-11-06T12:44:35","modified_gmt":"2019-11-06T12:44:35","slug":"compromiso-frente-al-cambio-climatico","status":"publish","type":"post","link":"https:\/\/diariodominicano.com\/?p=41393","title":{"rendered":"&#13;COMPROMISO FRENTE AL CAMBIO CLIMATICO"},"content":{"rendered":"<p><body><\/p>\n<p>EN PRIMERA FILA<\/p>\n<\/p>\n<p>COMPROMISO FRENTE AL CAMBIO CLIMATICO<\/p>\n<p><strong>Mario Rivadulla<\/strong><\/p>\n<\/p>\n<p>Es un paso positivo y env\u00eda una buena se\u00f1al el hecho de que sectores empresariales hayan ratificado el acuerdo de  coordinar esfuerzos con el gobierno a fin de tratar de cumplir las metas propuestas para reducir las emisiones de gases de efecto invernadero, que inciden de manera adversa en el cambio clim\u00e1tico.<\/p>\n<\/p>\n<p>El acuerdo conocido como \u00abDeclaratoria de Compromiso para la Articulaci\u00f3n Empresarial a la Acci\u00f3n Clim\u00e1tica en la Rep\u00fablica Dominicana incluye un mecanismo de monitoreo, reporte y verificaci\u00f3n de las emisiones nocivas as\u00ed como incrementar los esfuerzos encaminados a lograr la sostenibilidad de los procesos industriales y empresariales para contribuir a la preservaci\u00f3n de la calidad del medio  ambiente, dentro del marco del Acuerdo de Par\u00eds.<\/p>\n<\/p>\n<p>Si bien hoy existe una mucho m\u00e1s desarrollada conciencia sobre la importancia de adoptar medidas para reducir al m\u00ednimo posible los efectos negativos del cambio clim\u00e1tico, donde la Rep\u00fablica Dominicana figura en el ranking de los diez pa\u00edses m\u00e1s vulnerables al mismo, todav\u00eda es mucho el trecho que nos resta por andar para alcanzar los niveles m\u00ednimos de previsi\u00f3n que requerimos frente a tal eventualidad.<\/p>\n<\/p>\n<p>Sin que ello signifique restarle importancia, son  otros los  elementos de mayor preocupaci\u00f3n que absorben el inter\u00e9s p\u00fablico.  La seguridad ciudadana y el combate a la delincuencia, la corrupci\u00f3n y la impunidad, el costo de la vida, los bajos salarios, la falta de empleo sobre todo entre los j\u00f3venes, la Seguridad Social, la salud p\u00fablica, la educaci\u00f3n y las tensiones generadas por la campa\u00f1a pol\u00edtica son temas dominantes en la agenda nacional.  Resulta comprensible en tanto corresponden a nuestra realidad m\u00e1s inmediata, en tanto el cambio  clim\u00e1tico se visualiza a un futuro todav\u00eda distante.<\/p>\n<\/p>\n<p>Sin embargo no podemos bajar la guardia en ese sentido.  Y dentro de ese marco de inquietudes urgentes, es conveniente el hecho de que se asuman compromisos a mediano y largo plazo sobre una situaci\u00f3n que se prev\u00e9 como inexorable, de la cual ya estamos recibiendo se\u00f1ales y que en su momento tocar\u00e1 con fuerza a nuestras puertas.<\/p>\n<\/p>\n<p>Es una realidad para lo cual debemos estar debidamente preparados en tanto en ello pudiera quedar en riesgo la vida misma y la posibilidad, que ya avizor\u00f3 el historiador Frank Moya Pons, hace casi medio siglo al advertir que la isla Hispaniola pudiera quedar convertida en el primer desierto antillano.  Esto as\u00ed sobre todo si tomamos en cuenta el penoso estado de depredaci\u00f3n territorial y ambiental del vecino Hait\u00ed. <\/p>\n<\/p>\n<p>En el caso espec\u00edfico del sector empresarial todav\u00eda hay mucho trecho por recorrer y tarea pendiente de realizar.  Baste se\u00f1alar como ejemplo las industrias, talleres y negocios que operan en las riberas del Isabela y el Ozama y que desoyendo y violando los reiterados plazos dictados por las autoridades ambientales,  siguen evadiendo la obligaci\u00f3n de instalar plantas de tratamiento y arrojando sus vertidos y desechos contaminantes a las aguas de ambos r\u00edos.<\/p>\n<\/p>\n<p>Otras, en cambio, han asumido con previsora responsabilidad el compromiso de cumplir las metas de protecci\u00f3n del medio ambiente.  Al hacerlo as\u00ed est\u00e1n sirviendo de ejemplo, lo cual no excluye el deber de las autoridades de exigirlo por parte de las que se mantienen de espaldas a ese compromiso, y  de persistir en tan negativa actitud, aplicar las sanciones que sean de lugar.  <\/p>\n<\/p>\n<\/p>\n<\/p>\n<h6> 2019-11-06 12:44:35 <\/h6>\n<p><!--\n<link rel=\"stylesheet\" href=\"css\/bootstrap.min.css\">\n\n\n<ul class=\"pagination\">\n\t    \n\t\n\n<li >\n\t<a href='?page_no=450'>Previous<\/a>\n\t<\/li>\n\n\n       \n    \n\n<li><a href='?page_no=1'>1<\/a><\/li>\n\n\n\n<li><a href='?page_no=2'>2<\/a><\/li>\n\n\n\n<li><a>...<\/a><\/li>\n\n\n\n<li><a href='?page_no=449'>449<\/a><\/li>\n\n\n\n<li><a href='?page_no=450'>450<\/a><\/li>\n\n\n\n<li class='active'><a>451<\/a><\/li>\n\n\n\n<li><a href='?page_no=452'>452<\/a><\/li>\n\n\n\n<li><a href='?page_no=453'>453<\/a><\/li>\n\n\n\n<li><a>...<\/a><\/li>\n\n\n\n<li><a href='?page_no=13611'>13611<\/a><\/li>\n\n\n\n<li><a href='?page_no=13612'>13612<\/a><\/li>\n\n    \n\t\n\n<li >\n\t<a href='?page_no=452'>Next<\/a>\n\t<\/li>\n\n\n    \n\n<li><a href='?page_no=13612'>Last &rsaquo;&rsaquo;<\/a><\/li>\n\n<\/ul>\n\n\n--><br \/>\n<\/body><\/p>\n","protected":false},"excerpt":{"rendered":"<p>EN PRIMERA FILA COMPROMISO FRENTE AL CAMBIO CLIMATICO Mario Rivadulla Es un paso positivo y env\u00eda una buena se\u00f1al el hecho de que sectores empresariales hayan ratificado el acuerdo de coordinar esfuerzos con el gobierno a fin de tratar de cumplir las metas propuestas para reducir las emisiones de gases de efecto invernadero, que inciden [&hellip;]<\/p>\n","protected":false},"author":3,"featured_media":0,"comment_status":"open","ping_status":"open","sticky":false,"template":"","format":"standard","meta":{"footnotes":""},"categories":[16],"tags":[],"class_list":["post-41393","post","type-post","status-publish","format-standard","hentry","category-opiniones"],"_links":{"self":[{"href":"https:\/\/diariodominicano.com\/index.php?rest_route=\/wp\/v2\/posts\/41393","targetHints":{"allow":["GET"]}}],"collection":[{"href":"https:\/\/diariodominicano.com\/index.php?rest_route=\/wp\/v2\/posts"}],"about":[{"href":"https:\/\/diariodominicano.com\/index.php?rest_route=\/wp\/v2\/types\/post"}],"author":[{"embeddable":true,"href":"https:\/\/diariodominicano.com\/index.php?rest_route=\/wp\/v2\/users\/3"}],"replies":[{"embeddable":true,"href":"https:\/\/diariodominicano.com\/index.php?rest_route=%2Fwp%2Fv2%2Fcomments&post=41393"}],"version-history":[{"count":0,"href":"https:\/\/diariodominicano.com\/index.php?rest_route=\/wp\/v2\/posts\/41393\/revisions"}],"wp:attachment":[{"href":"https:\/\/diariodominicano.com\/index.php?rest_route=%2Fwp%2Fv2%2Fmedia&parent=41393"}],"wp:term":[{"taxonomy":"category","embeddable":true,"href":"https:\/\/diariodominicano.com\/index.php?rest_route=%2Fwp%2Fv2%2Fcategories&post=41393"},{"taxonomy":"post_tag","embeddable":true,"href":"https:\/\/diariodominicano.com\/index.php?rest_route=%2Fwp%2Fv2%2Ftags&post=41393"}],"curies":[{"name":"wp","href":"https:\/\/api.w.org\/{rel}","templated":true}]}}