{"id":413864,"date":"2023-02-02T11:50:58","date_gmt":"2023-02-02T15:50:58","guid":{"rendered":"http:\/\/diariodominicano.com\/?p=413864"},"modified":"2023-02-02T11:51:49","modified_gmt":"2023-02-02T15:51:49","slug":"policia-nacional-apresa-a-dos-personas-por-falsificacion-de-matriculas-de-motocicletas","status":"publish","type":"post","link":"https:\/\/diariodominicano.com\/?p=413864","title":{"rendered":"Polic\u00eda Nacional apresa a dos personas por falsificaci\u00f3n de matr\u00edculas de motocicletas"},"content":{"rendered":"\n<figure class=\"wp-block-image size-large\"><img loading=\"lazy\" decoding=\"async\" width=\"469\" height=\"1024\" src=\"https:\/\/diariodominicano.com\/wp-content\/uploads\/2023\/02\/matricula-falsa0001-469x1024.png\" alt=\"\" class=\"wp-image-413866\" srcset=\"https:\/\/diariodominicano.com\/wp-content\/uploads\/2023\/02\/matricula-falsa0001-469x1024.png 469w, https:\/\/diariodominicano.com\/wp-content\/uploads\/2023\/02\/matricula-falsa0001-137x300.png 137w, https:\/\/diariodominicano.com\/wp-content\/uploads\/2023\/02\/matricula-falsa0001-704x1536.png 704w, https:\/\/diariodominicano.com\/wp-content\/uploads\/2023\/02\/matricula-falsa0001.png 733w\" sizes=\"auto, (max-width: 469px) 100vw, 469px\" \/><\/figure>\n\n\n\n<p><strong>Santiago de Los Caballeros, 2 de Febrero del 2023<\/strong>-Agentes del Departamento de Investigaciones Criminales (DICRIM), apresaron dos\u00a0\u00a0personas en hechos ocurridos por separado, tras ser sorprendidas con presuntas matr\u00edculas falsas de motocicletas en  ciudad  Santiago, inform\u00f3 el jueves la Direcci\u00f3n Regional Cibao Central, Polic\u00eda Nacional.<\/p>\n\n\n\n<p>Los prevenidos son,\u00a0Melvin Morales G\u00f3mez, 23 a\u00f1os y Polibio Alcinol Gil Morales, 41 a\u00f1os,\u00a0quienes fueron sorprendidos momento en que se presentaron a\u00a0 la Direcci\u00f3n General de Servicios de Tr\u00e1nsito Terrestre DIGESETT, con asiento en Santiago, con intensiones de que le sea aplicada la infracci\u00f3n por la falta cometida.<\/p>\n\n\n\n<p>En cuanto a los detenidos ser\u00e1n enviados al departamento correspondiente para los fines legales correspondientes.<\/p>\n\n\n\n<p>npolicia14@gmail.com<\/p>\n\n\n\n<p><strong>OFICINA DE INFORMACION Y COMUNICACIONES ESTRATEGICAS, DIRECCION REGIONAL CIBAO CENTRAL, P.N.<\/strong><\/p>\n","protected":false},"excerpt":{"rendered":"<p>Santiago de Los Caballeros, 2 de Febrero del 2023-Agentes del Departamento de Investigaciones Criminales (DICRIM), apresaron dos\u00a0\u00a0personas en hechos ocurridos por separado, tras ser sorprendidas con presuntas matr\u00edculas falsas de motocicletas en ciudad Santiago, inform\u00f3 el jueves la Direcci\u00f3n Regional Cibao Central, Polic\u00eda Nacional. Los prevenidos son,\u00a0Melvin Morales G\u00f3mez, 23 a\u00f1os y Polibio Alcinol Gil [&hellip;]<\/p>\n","protected":false},"author":28,"featured_media":413865,"comment_status":"closed","ping_status":"","sticky":true,"template":"","format":"standard","meta":{"footnotes":""},"categories":[24,29,27],"tags":[],"class_list":["post-413864","post","type-post","status-publish","format-standard","has-post-thumbnail","hentry","category-justicia-y-derecho","category-policiasucesos","category-portada"],"_links":{"self":[{"href":"https:\/\/diariodominicano.com\/index.php?rest_route=\/wp\/v2\/posts\/413864","targetHints":{"allow":["GET"]}}],"collection":[{"href":"https:\/\/diariodominicano.com\/index.php?rest_route=\/wp\/v2\/posts"}],"about":[{"href":"https:\/\/diariodominicano.com\/index.php?rest_route=\/wp\/v2\/types\/post"}],"author":[{"embeddable":true,"href":"https:\/\/diariodominicano.com\/index.php?rest_route=\/wp\/v2\/users\/28"}],"replies":[{"embeddable":true,"href":"https:\/\/diariodominicano.com\/index.php?rest_route=%2Fwp%2Fv2%2Fcomments&post=413864"}],"version-history":[{"count":4,"href":"https:\/\/diariodominicano.com\/index.php?rest_route=\/wp\/v2\/posts\/413864\/revisions"}],"predecessor-version":[{"id":413870,"href":"https:\/\/diariodominicano.com\/index.php?rest_route=\/wp\/v2\/posts\/413864\/revisions\/413870"}],"wp:featuredmedia":[{"embeddable":true,"href":"https:\/\/diariodominicano.com\/index.php?rest_route=\/wp\/v2\/media\/413865"}],"wp:attachment":[{"href":"https:\/\/diariodominicano.com\/index.php?rest_route=%2Fwp%2Fv2%2Fmedia&parent=413864"}],"wp:term":[{"taxonomy":"category","embeddable":true,"href":"https:\/\/diariodominicano.com\/index.php?rest_route=%2Fwp%2Fv2%2Fcategories&post=413864"},{"taxonomy":"post_tag","embeddable":true,"href":"https:\/\/diariodominicano.com\/index.php?rest_route=%2Fwp%2Fv2%2Ftags&post=413864"}],"curies":[{"name":"wp","href":"https:\/\/api.w.org\/{rel}","templated":true}]}}