{"id":413806,"date":"2023-02-02T00:15:16","date_gmt":"2023-02-02T04:15:16","guid":{"rendered":"http:\/\/diariodominicano.com\/?p=413806"},"modified":"2023-02-02T00:15:16","modified_gmt":"2023-02-02T04:15:16","slug":"federico-velasquez-de-la-escuela-de-eugenio-maria-de-hostos","status":"publish","type":"post","link":"https:\/\/diariodominicano.com\/?p=413806","title":{"rendered":"Federico Vel\u00e1squez de la Escuela de Eugenio Mar\u00eda de Hostos"},"content":{"rendered":"\n<p><\/p>\n\n\n\n<pre class=\"wp-block-code\"><code>    TAMBORIL,  el 2 de febrero de 1870, naci\u00f3 en la comunidad Pe\u00f1a, de Tamboril, Federico Vel\u00e1squez Hern\u00e1ndez, hijo de Jacinto Vel\u00e1squez y Euduvigis Hern\u00e1ndez.\n\n    Estudi\u00f3 en Santo Domingo, en la escuela normal del educador Eugenio Mar\u00eda de Hostos, de donde egres\u00f3 a la edad de 20 a\u00f1os.\n\n    Federico Vel\u00e1squez, fue un pol\u00edtico influido por el pensamiento de Hostos y por ello se distingui\u00f3 como un exponente del pensamiento liberal.\n\n  Combati\u00f3 la dictadura de Ulises (Lil\u00eds) Heureaux,  y por ello tuvo que vivir exiliado en Estados Unidos, donde estrech\u00f3 su amistad con Horacio V\u00e1squez.\n\n     Regres\u00f3 a Rep\u00fablica Dominicana  en  1895, y se dedic\u00f3 a las actividades comerciales y luego al magisterio. En la ciudad de Santo Domingo,  fue profesor de la Escuela La Trinitaria, la escuela Normal. M\u00e1s tarde imparti\u00f3 docencia en Santiago, donde contrajo matrimonio con Filomena Hern\u00e1ndez.\n\n   Federico Vel\u00e1squez,  se encontraba en Santiago, cuando fue asesinado el dictador Ulises Heureaux, el 26 de julio de 1899.\n\n    Fue secretario del vicepresidente Horacio V\u00e1squez, pero luego se alej\u00f3 por las cr\u00edticas que hac\u00eda al Gobierno del Presidente Juan Isidro Jimenes en el peri\u00f3dico \u201cLa Redenci\u00f3n\u201d.\n\n   En la \u00e9poca al ministro que m\u00e1s criticaba era al de Relaciones Exteriores, Francisco Henr\u00edquez y Carvajal.<\/code><\/pre>\n\n\n\n<p>Luego fue un colaborador del general Ram\u00f3n C\u00e1ceres, y en 1904, por una recomendaci\u00f3n de C\u00e1ceres, el presidente Morales Languasco lo nombr\u00f3 ministro de Hacienda.<\/p>\n\n\n\n<pre class=\"wp-block-code\"><code>   Entre otras funciones, Federico Vel\u00e1squez fue vicepresidente del Gobierno de Horacio V\u00e1squez 1924-1928.  Se deslig\u00f3 de la administraci\u00f3n, cuando V\u00e1squez decidi\u00f3 continuar en el poder.\n\n  Federico Vel\u00e1squez muri\u00f3 el 26 de julio de 1934, en la ciudad de San Juan, Puerto Rico.<\/code><\/pre>\n","protected":false},"excerpt":{"rendered":"<p>Luego fue un colaborador del general Ram\u00f3n C\u00e1ceres, y en 1904, por una recomendaci\u00f3n de C\u00e1ceres, el presidente Morales Languasco lo nombr\u00f3 ministro de Hacienda.<\/p>\n","protected":false},"author":28,"featured_media":329660,"comment_status":"closed","ping_status":"","sticky":false,"template":"","format":"standard","meta":{"footnotes":""},"categories":[26],"tags":[],"class_list":["post-413806","post","type-post","status-publish","format-standard","has-post-thumbnail","hentry","category-efemerides"],"_links":{"self":[{"href":"https:\/\/diariodominicano.com\/index.php?rest_route=\/wp\/v2\/posts\/413806","targetHints":{"allow":["GET"]}}],"collection":[{"href":"https:\/\/diariodominicano.com\/index.php?rest_route=\/wp\/v2\/posts"}],"about":[{"href":"https:\/\/diariodominicano.com\/index.php?rest_route=\/wp\/v2\/types\/post"}],"author":[{"embeddable":true,"href":"https:\/\/diariodominicano.com\/index.php?rest_route=\/wp\/v2\/users\/28"}],"replies":[{"embeddable":true,"href":"https:\/\/diariodominicano.com\/index.php?rest_route=%2Fwp%2Fv2%2Fcomments&post=413806"}],"version-history":[{"count":1,"href":"https:\/\/diariodominicano.com\/index.php?rest_route=\/wp\/v2\/posts\/413806\/revisions"}],"predecessor-version":[{"id":413807,"href":"https:\/\/diariodominicano.com\/index.php?rest_route=\/wp\/v2\/posts\/413806\/revisions\/413807"}],"wp:featuredmedia":[{"embeddable":true,"href":"https:\/\/diariodominicano.com\/index.php?rest_route=\/wp\/v2\/media\/329660"}],"wp:attachment":[{"href":"https:\/\/diariodominicano.com\/index.php?rest_route=%2Fwp%2Fv2%2Fmedia&parent=413806"}],"wp:term":[{"taxonomy":"category","embeddable":true,"href":"https:\/\/diariodominicano.com\/index.php?rest_route=%2Fwp%2Fv2%2Fcategories&post=413806"},{"taxonomy":"post_tag","embeddable":true,"href":"https:\/\/diariodominicano.com\/index.php?rest_route=%2Fwp%2Fv2%2Ftags&post=413806"}],"curies":[{"name":"wp","href":"https:\/\/api.w.org\/{rel}","templated":true}]}}