{"id":41359,"date":"2019-11-10T20:46:45","date_gmt":"2019-11-10T20:46:45","guid":{"rendered":"http:\/\/diariodominicano.ddns.net\/?p=41359"},"modified":"2019-11-10T20:46:45","modified_gmt":"2019-11-10T20:46:45","slug":"lodazal-2020","status":"publish","type":"post","link":"https:\/\/diariodominicano.com\/?p=41359","title":{"rendered":"LODAZAL 2020"},"content":{"rendered":"<p><body><\/p>\n<p><strong>                                                                                             Por Narciso Isa Conde<\/strong><\/p>\n<\/p>\n<\/p>\n<p>El lodazal atrapa y no vale salir de una facci\u00f3n de la partidocracia sumergida en \u00e9l para eliminarlo. Cada una releva la otra y lo reciclan. Cada parte infectada contamina  m\u00e1s a la que se ha corrompido menos. El sistema podrido no se supera alternando los partidos que lo integran.<\/p>\n<\/p>\n<p>Recuerden lo acontecido cuando la c\u00fapula del PLD decidi\u00f3 derrotar a Pe\u00f1a G\u00f3mez ali\u00e1ndose al PRSC de Balaguer: no tard\u00f3 en corromperse hasta generar dos facciones mafiosas, hoy divididas en PLD-danilista y FP-leonelista. El lodo aument\u00f3.<\/p>\n<\/p>\n<p>Con el respaldo a Hip\u00f3lito-PRD para \u00absalir del PLD\u00bb pas\u00f3 algo parecido: el nuevo gobierno se corrompi\u00f3 y el PRD se torn\u00f3 m\u00e1s clientelista, neoliberal y derechista; generado m\u00e1s tarde dos facciones enlodadas: el PPH y la de Miguel Vargas, ambas asociadas a facciones del PLD.<\/p>\n<\/p>\n<p>No faltaron incluso los que alegando impedir la vuelta del PLD decidieron sumarse a la reelecci\u00f3n de un Hip\u00f3lito sensiblemente desprestigiado. El costo fue la vuelta de Leonel, quien luego rompi\u00f3 records de neoliberalismo y corrupci\u00f3n.<\/p>\n<\/p>\n<p>Pero tampoco faltaron los que fomentaron ilusiones en la candidatura de Danilo para \u00absalir de Leonel y avanzar\u00bb. Ambos, sin embargo,  no tardaran en igualarse como responsables del proceso de gansterizaci\u00f3n del Estado a cargo de PLD.<\/p>\n<\/p>\n<p>No conforme con esas lecciones, quienes ayer procedieron de esa manera, asumi\u00e9ndose sin rubores \u00abprogresistas\u00bb y hasta de \u00abizquierda\u00bb, volvieron recientemente a optar por subordinarse al PRM  para disque \u00absalir del PLD\u00bb  y sus dos facciones mafiosas, ocasion\u00e1ndole de paso mucho da\u00f1o a Marcha Verde. Ese apoyo incluy\u00f3 aceptar una eventual alianza del PRM con PRSC, FNP, PQDC, PUM y toda la c\u00e1fila pol\u00edtica \u00abopositora. \u00a1Cualquier porquer\u00eda con tal de \u00absalir del PLD\u00bb!<\/p>\n<\/p>\n<p>Pero ese no ha sido el colmo de quienes se han metido en ese pantano hacia un 2020 que habr\u00e1 de exhibir su mugre, sino que ya est\u00e1n negociando aliarse con la mafia leonelista-balaguerista y el vinchismo neo-fascista; protegiendo as\u00ed m\u00e1s de 50 a\u00f1os de corrupci\u00f3n e impunidad, nazi-racismo, machismo criminal y tres d\u00e9cadas de recolonizaci\u00f3n neoliberal.<\/p>\n<\/p>\n<p>El PLD danilista -debilitado por la salida del leonelismo- merece ser echado del  gobierno y metido en el 15 de Azua; algo que cierta basura opositora conservadora no asumir\u00e1 con rigor, ni siquiera a cambio de la impunidad que est\u00e1 comprando.  Esa ruta pantanosa incluso podr\u00eda conducir ?no lo duden- que hasta el propio Danilo negocie impunidad, sacrificando a Gonzalo, como hizo Balaguer con Peinado.  La verdad es que sin cambio radical v\u00eda Democracia de Calle y Constituyente, no habr\u00e1 cambio real.<\/p>\n<\/p>\n<\/p>\n<\/p>\n<\/p>\n<p>s<\/p>\n<h6> 2019-11-10 20:46:45 <\/h6>\n<p><!--\n<link rel=\"stylesheet\" href=\"css\/bootstrap.min.css\">\n\n\n<ul class=\"pagination\">\n\t    \n\t\n\n<li >\n\t<a href='?page_no=447'>Previous<\/a>\n\t<\/li>\n\n\n       \n    \n\n<li><a href='?page_no=1'>1<\/a><\/li>\n\n\n\n<li><a href='?page_no=2'>2<\/a><\/li>\n\n\n\n<li><a>...<\/a><\/li>\n\n\n\n<li><a href='?page_no=446'>446<\/a><\/li>\n\n\n\n<li><a href='?page_no=447'>447<\/a><\/li>\n\n\n\n<li class='active'><a>448<\/a><\/li>\n\n\n\n<li><a href='?page_no=449'>449<\/a><\/li>\n\n\n\n<li><a href='?page_no=450'>450<\/a><\/li>\n\n\n\n<li><a>...<\/a><\/li>\n\n\n\n<li><a href='?page_no=13611'>13611<\/a><\/li>\n\n\n\n<li><a href='?page_no=13612'>13612<\/a><\/li>\n\n    \n\t\n\n<li >\n\t<a href='?page_no=449'>Next<\/a>\n\t<\/li>\n\n\n    \n\n<li><a href='?page_no=13612'>Last &rsaquo;&rsaquo;<\/a><\/li>\n\n<\/ul>\n\n\n--><br \/>\n<\/body><\/p>\n","protected":false},"excerpt":{"rendered":"<p>Por Narciso Isa Conde El lodazal atrapa y no vale salir de una facci\u00f3n de la partidocracia sumergida en \u00e9l para eliminarlo. Cada una releva la otra y lo reciclan. Cada parte infectada contamina m\u00e1s a la que se ha corrompido menos. El sistema podrido no se supera alternando los partidos que lo integran. Recuerden [&hellip;]<\/p>\n","protected":false},"author":3,"featured_media":0,"comment_status":"open","ping_status":"open","sticky":false,"template":"","format":"standard","meta":{"footnotes":""},"categories":[16],"tags":[],"class_list":["post-41359","post","type-post","status-publish","format-standard","hentry","category-opiniones"],"_links":{"self":[{"href":"https:\/\/diariodominicano.com\/index.php?rest_route=\/wp\/v2\/posts\/41359","targetHints":{"allow":["GET"]}}],"collection":[{"href":"https:\/\/diariodominicano.com\/index.php?rest_route=\/wp\/v2\/posts"}],"about":[{"href":"https:\/\/diariodominicano.com\/index.php?rest_route=\/wp\/v2\/types\/post"}],"author":[{"embeddable":true,"href":"https:\/\/diariodominicano.com\/index.php?rest_route=\/wp\/v2\/users\/3"}],"replies":[{"embeddable":true,"href":"https:\/\/diariodominicano.com\/index.php?rest_route=%2Fwp%2Fv2%2Fcomments&post=41359"}],"version-history":[{"count":0,"href":"https:\/\/diariodominicano.com\/index.php?rest_route=\/wp\/v2\/posts\/41359\/revisions"}],"wp:attachment":[{"href":"https:\/\/diariodominicano.com\/index.php?rest_route=%2Fwp%2Fv2%2Fmedia&parent=41359"}],"wp:term":[{"taxonomy":"category","embeddable":true,"href":"https:\/\/diariodominicano.com\/index.php?rest_route=%2Fwp%2Fv2%2Fcategories&post=41359"},{"taxonomy":"post_tag","embeddable":true,"href":"https:\/\/diariodominicano.com\/index.php?rest_route=%2Fwp%2Fv2%2Ftags&post=41359"}],"curies":[{"name":"wp","href":"https:\/\/api.w.org\/{rel}","templated":true}]}}