{"id":413543,"date":"2023-01-31T23:34:21","date_gmt":"2023-02-01T03:34:21","guid":{"rendered":"http:\/\/diariodominicano.com\/?p=413543"},"modified":"2023-01-31T23:34:21","modified_gmt":"2023-02-01T03:34:21","slug":"pn-apresa-el-pecao-por-doble-homicidio-cometidos-en-santiago","status":"publish","type":"post","link":"https:\/\/diariodominicano.com\/?p=413543","title":{"rendered":"PN apresa \u201cEl Pecao\u201d por doble homicidio cometidos en Santiago"},"content":{"rendered":"\n<p> El detenido es Juan de los Santos G\u00f3mez Abreu alias El Pecao de 36 a\u00f1os, mediante orden de arresto\u00a0\u00a0No. 04039-2022. <\/p>\n\n\n\n<p><strong>Santiago de Los Caballeros, 31 de Enero del 2023.\u00a0<\/strong>Mediante ardua labor de seguimiento, agentes de investigaci\u00f3n de esta jurisdicci\u00f3n, apresaron un hombre apodado el Pecao en Santo Domingo, quien era activamente buscado mediante orden judicial por doble homicidio cometidos en esta ciudad, inform\u00f3 el martes la Direcci\u00f3n Regional Cibao Central, Polic\u00eda Nacional.<\/p>\n\n\n\n<p>El detenido es Juan de los Santos G\u00f3mez Abreu alias El Pecao de 36 a\u00f1os, mediante orden de arresto&nbsp;&nbsp;No. 04039-2022.<\/p>\n\n\n\n<p>De acuerdo al informe de los agentes de DICRIM, a Santos G\u00f3mez se le atribuye la muerte de&nbsp;&nbsp;Ismael Ram\u00edrez del Rosario alias Prieto y Jos\u00e9 Ram\u00f3n Tav\u00e1rez Vald\u00e9z apodado el Maestro, en medio de una balacera, donde tambi\u00e9n result\u00f3 herido un agente de la Polic\u00eda Nacional, quien se encontraba en un cumplea\u00f1os pr\u00f3ximo al lugar del hecho.<\/p>\n\n\n\n<p>Agrega que ambos homicidios fueron cometidos en compa\u00f1\u00eda de Andri Vargas N\u00fa\u00f1ez (a) Juan Bosh y&nbsp;&nbsp;unos tales Eduardo apodado Maca&nbsp;&nbsp;y Jorly&nbsp;&nbsp;pr\u00f3fugos, ocurrido el pasado 21-05-2022, en el Barrio Suelo Duro, del Sector Bella Vista de esta ciudad.<\/p>\n\n\n\n<p>La Polic\u00eda se\u00f1al\u00f3 que el detenido tambi\u00e9n es investigado con relaci\u00f3n a la muerte de Misael Jaime Luciano Colon alias El Secre, ocurrido el pasado 6 de septiembre del 2022, cuando \u00e9ste intentaba impedir un atraco a mano armada realizado en un sal\u00f3n contra una se\u00f1ora y un joven, despoj\u00e1ndolos de varias prendas de oro, en la calle La Pi\u00f1a del sector Los Ciruelitos.<\/p>\n\n\n\n<p>El detenido al ser depurado en nuestro sistema figura con dos registros, uno por droga y otro robo, el mismo en las pr\u00f3ximas horas ser\u00e1 sometido a la justicia por los hechos que se le imputan.<\/p>\n\n\n\n<p>policia nacional<a target=\"_blank\" href=\"mailto:npolicia14@gmail.com\" rel=\"noreferrer noopener\">npolicia14@gmail.com<\/a><\/p>\n\n\n\n<p><strong>OFICINA DE INFORMACI\u00d3N Y COMUNICACIONES ESTRAT\u00c9GICAS DIRECCI\u00d3N REGIONAL CIBAO CENTRAL DE LA POLIC\u00cdA NACIONAL.<\/strong><\/p>\n","protected":false},"excerpt":{"rendered":"<p>El detenido es Juan de los Santos G\u00f3mez Abreu alias El Pecao de 36 a\u00f1os, mediante orden de arresto\u00a0\u00a0No. 04039-2022. Santiago de Los Caballeros, 31 de Enero del 2023.\u00a0Mediante ardua labor de seguimiento, agentes de investigaci\u00f3n de esta jurisdicci\u00f3n, apresaron un hombre apodado el Pecao en Santo Domingo, quien era activamente buscado mediante orden judicial [&hellip;]<\/p>\n","protected":false},"author":28,"featured_media":413544,"comment_status":"closed","ping_status":"","sticky":true,"template":"","format":"standard","meta":{"footnotes":""},"categories":[29,27],"tags":[],"class_list":["post-413543","post","type-post","status-publish","format-standard","has-post-thumbnail","hentry","category-policiasucesos","category-portada"],"_links":{"self":[{"href":"https:\/\/diariodominicano.com\/index.php?rest_route=\/wp\/v2\/posts\/413543","targetHints":{"allow":["GET"]}}],"collection":[{"href":"https:\/\/diariodominicano.com\/index.php?rest_route=\/wp\/v2\/posts"}],"about":[{"href":"https:\/\/diariodominicano.com\/index.php?rest_route=\/wp\/v2\/types\/post"}],"author":[{"embeddable":true,"href":"https:\/\/diariodominicano.com\/index.php?rest_route=\/wp\/v2\/users\/28"}],"replies":[{"embeddable":true,"href":"https:\/\/diariodominicano.com\/index.php?rest_route=%2Fwp%2Fv2%2Fcomments&post=413543"}],"version-history":[{"count":1,"href":"https:\/\/diariodominicano.com\/index.php?rest_route=\/wp\/v2\/posts\/413543\/revisions"}],"predecessor-version":[{"id":413545,"href":"https:\/\/diariodominicano.com\/index.php?rest_route=\/wp\/v2\/posts\/413543\/revisions\/413545"}],"wp:featuredmedia":[{"embeddable":true,"href":"https:\/\/diariodominicano.com\/index.php?rest_route=\/wp\/v2\/media\/413544"}],"wp:attachment":[{"href":"https:\/\/diariodominicano.com\/index.php?rest_route=%2Fwp%2Fv2%2Fmedia&parent=413543"}],"wp:term":[{"taxonomy":"category","embeddable":true,"href":"https:\/\/diariodominicano.com\/index.php?rest_route=%2Fwp%2Fv2%2Fcategories&post=413543"},{"taxonomy":"post_tag","embeddable":true,"href":"https:\/\/diariodominicano.com\/index.php?rest_route=%2Fwp%2Fv2%2Ftags&post=413543"}],"curies":[{"name":"wp","href":"https:\/\/api.w.org\/{rel}","templated":true}]}}