{"id":41348,"date":"2019-11-11T00:36:03","date_gmt":"2019-11-11T00:36:03","guid":{"rendered":"http:\/\/diariodominicano.ddns.net\/?p=41348"},"modified":"2019-11-11T00:36:03","modified_gmt":"2019-11-11T00:36:03","slug":"lula-en-libertad-se-activa-polarizacion-de-la-derecha-e-izquierda-latinoamericana","status":"publish","type":"post","link":"https:\/\/diariodominicano.com\/?p=41348","title":{"rendered":"Lula en libertad, \u00bfse activa polarizaci\u00f3n de la derecha e izquierda latinoamericana?"},"content":{"rendered":"<p><body><\/p>\n<p><strong>Diariodominicano.com<\/strong><\/p>\n<p><strong>Manuel D\u00edaz Aponte<\/strong><\/p>\n<\/p>\n<p>La tradicional confrontaci\u00f3n pol\u00edtica ideol\u00f3gica entre la derecha e izquierda Latinoamericana est\u00e1 en un punto crucial y da se\u00f1ales de que se agudizar\u00e1 despu\u00e9s de la \u00abrenuncia\u00bb forzada del presidente de la Rep\u00fablica de Bolivia, Evo Morales.<\/p>\n<\/p>\n<p>El informe de la Organizaci\u00f3n de Estados Americanos (OEA)  reafirmando que hubo serias irregularidades en los resultados de las recientes elecciones presidenciales que daban ganador en primera vuelta a Morales, hizo revertir el escenario y ahora es la oposici\u00f3n quien controla la situaci\u00f3n.<\/p>\n<\/p>\n<p>De pronto, habr\u00e1 nuevas elecciones probablemente antes de finalizar este a\u00f1o, y es muy dif\u00edcil que el ex gobernante ind\u00edgena pueda ser otra vez candidato para optar a un cuarto mandato consecutivo.   <\/p>\n<\/p>\n<p>Ello representa un rev\u00e9s para los denominados gobiernos progresistas de la regi\u00f3n que ya han condenado el golpe de Estado c\u00edvico, policial y militar registrado este domingo en Bolivia.<\/p>\n<\/p>\n<p>Hubo alegr\u00eda tras la liberaci\u00f3n de Lula Da Silva de la prisi\u00f3n en Brasil, pero ahora est\u00e1 la seria preocupaci\u00f3n ante lo que podr\u00eda significar la salida abrupta del poder de Evo Morales.<\/p>\n<\/p>\n<p>\u00a1Viva Lula!, eran parte de las expresiones de sus seguidores que lo abrazaron intensamente al salir del recinto carcelario donde permaneci\u00f3 580 d\u00edas. En suma, 19 meses tras las rejas. <\/p>\n<\/p>\n<p>El liderazgo de Lula es necesario para la recomposici\u00f3n interna de Brasil y los sectores empobrecidos deseaban escuchar sus pr\u00e9dicas en las ciudades y campos.<\/p>\n<\/p>\n<p>Gran regocijo en el mundo ante la salida de la c\u00e1rcel de uno de los l\u00edderes pol\u00edticos de masas m\u00e1s importante de la actualidad. No tan solo en Brasil la gente ha llorado de emoci\u00f3n viendo las im\u00e1genes de televisi\u00f3n de un hombre al que todos quer\u00edan abrazar y saludar efusivamente. <\/p>\n<\/p>\n<p>El Futuro de Lula<\/p>\n<\/p>\n<p>Aunque todav\u00eda es prematuro anticipar muchos creen que Lula podr\u00eda ser una opci\u00f3n presidencial en el futuro venidero, especialmente si logra superar los cargos penales que tiene pendientes ante la justicia.<\/p>\n<\/p>\n<p>Las reacciones de alegr\u00edas con la libertad del carism\u00e1tico l\u00edder brasile\u00f1o Luiz In\u00e1cio ?Lula- Da Silva confirman el grado de simpat\u00eda que conserva, lleg\u00e1ndosele a calificar como el \u00abMandela de los brasile\u00f1os\u00bb.<\/p>\n<\/p>\n<p>L\u00edderes pol\u00edticos de distintas latitudes han externado mensajes de solidaridad hacia Lula, quien estuvo recluido en una celda de la Polic\u00eda Federal de Curitiba, en el Sur de Brasil.     <\/p>\n<\/p>\n<p>Cristina Fern\u00e1ndez, ex presidente de Argentina y vicepresidenta electa en un mensaje difundido por las redes dijo \u00abcesa hoy una de las aberraciones m\u00e1s grandes del Lawfare en Latinoam\u00e9rica: la privaci\u00f3n ilegitima de la libertad del ex presidente de la Rep\u00fablica Federativa de Brasil, Luiz In\u00e1cio- Lula- Da Silva\u00bb.  <\/p>\n<\/p>\n<p>El progresismo latinoamericano est\u00e1 feliz de ver en las calles a uno de los pol\u00edticos m\u00e1s emblem\u00e1tico de las \u00faltimas d\u00e9cadas.<\/p>\n<\/p>\n<p>Ello representa un respiro para los n\u00facleos m\u00e1s empobrecidos de la regi\u00f3n latinoamericana que ven en \u00e9l su voz y su plataforma de defensa.<\/p>\n<\/p>\n<p>Es igualmente un punto de equilibrio en la sociedad brasile\u00f1a profundamente dividida pol\u00edtica e ideol\u00f3gicamente luego del arribo al poder del ex capit\u00e1n del ej\u00e9rcito Jair Bolsonaro.<\/p>\n<\/p>\n<p>Izquierda Latinoamericana, \u00bfcamino a la recomposici\u00f3n? <\/p>\n<\/p>\n<p>La salida de prisi\u00f3n de Lula Da Silva, ex presidente de Brasil, abre las compuertas a la polarizaci\u00f3n de las ideas entre la derecha e izquierda latinoamericana en un escenario en que el mapa pol\u00edtico de la regi\u00f3n volver\u00eda al equilibrio y a nueva configuraci\u00f3n.<\/p>\n<\/p>\n<p>La izquierda parece tener en sus manos el principal atractivo de captaci\u00f3n de las masas ante las frustraciones generadas por los gobiernos neoliberales atrapados en las redes de un modelo que privilegia a los ricos.<\/p>\n<\/p>\n<p>Pero los denominados gobiernos \u00abprogresistas\u00bb deber\u00e1n limpiar la imagen ante los antecedentes de actos de corrupci\u00f3n, algunos de los cuales est\u00e1n en proceso de ventilaci\u00f3n en los tribunales.<\/p>\n<\/p>\n<p>El \u00fanico l\u00edder izquierdista que sali\u00f3 del poder sin cuestionamiento en el manejo de los recursos p\u00fablicos fue el ex presidente de Uruguay, Jos\u00e9 ?Pepe-Mujica (2010-2015), convertido en un referente de la moral pol\u00edtica en Latinoam\u00e9rica.   <\/p>\n<\/p>\n<p>Fidel Castro ha sido el l\u00edder izquierdista latinoamericano m\u00e1s sobresaliente de la \u00e9poca moderna, y su trayectoria marc\u00f3 a generaciones que todav\u00eda creen en la viabilidad de un proyecto socialista en la regi\u00f3n.<\/p>\n<\/p>\n<p>No fue un simple te\u00f3rico del marxismo porque con su fusil en manos transform\u00f3 el sistema pol\u00edtico capitalista en la Rep\u00fablica de Cuba e inspir\u00f3 a otras iniciativas que no lograron  perdurar en el tiempo.<\/p>\n<\/p>\n<p>\u00bfLa izquierda vuelve a renacer en Latinoam\u00e9rica? Hay indicios del remozamiento del pensamiento pol\u00edtico \u00abprogresista\u00bb en Am\u00e9rica Latina, impulsado por M\u00e9xico y Argentina que han desempolvado y sacado del armario al Grupo de Puebla.<\/p>\n<\/p>\n<p>En Buenos Aires hubo el fin de semana un encuentro de l\u00edderes de esta corriente de integraci\u00f3n donde habl\u00f3 entre otros el presidente electo de Argentina, Alejandro Fern\u00e1ndez.     <\/p>\n<\/p>\n<p>\u00bfSe pretende contrarrestar al Grupo de Lima que ha sido portavoz de las posiciones de los gobiernos de derecha en la regi\u00f3n?<\/p>\n<\/p>\n<p>Hay que ver hacia d\u00f3nde se dirigir\u00e1n los planteamientos futuros de los presidentes de Colombia, Iv\u00e1n Duque; de Ecuador, Lenin Moreno y de Per\u00fa, Martin Vizcarra. Por supuesto, tambi\u00e9n Jair Bolsonaro, presidente de Brasil.      <\/p>\n<\/p>\n<p>Grupo de Puebla<\/p>\n<\/p>\n<p>Un discurso unificador lo inspira a reimpulsar la lucha ahora contra un enemigo que entienden es responsable de la miseria que estrangula a millares de ciudadanos  actualmente. El Neoliberalismo que patrocinan y sustentan las principales transnacionales y pa\u00edses industrializados del planeta.<\/p>\n<\/p>\n<p>Esta vez no se trata de enfrentar al imperialismo norteamericano ni de combatir a dictaduras en el Continente, el blanco de ataque son los organismos financieros mundiales, los patrocinadores del modelo econ\u00f3mico y comercial que asfixia las d\u00e9biles econom\u00edas emergentes y profundiza la protecci\u00f3n del gran capital.    <\/p>\n<\/p>\n<p>Se busca una izquierda moderada bajo principios democr\u00e1ticos que permita la emancipaci\u00f3n de la institucionalidad, el fortalecimiento de la inclusi\u00f3n social, el respeto al estado de derecho y a una real participaci\u00f3n de los grupos marginados en las decisiones de las estructuras del poder.<\/p>\n<\/p>\n<p>El presidente de M\u00e9xico Jos\u00e9 Manuel L\u00f3pez Obrador, que tiene una visi\u00f3n de centroizquierda moderada y el pr\u00f3ximo gobernante argentino son las cabezas visibles de lo que ser\u00eda la izquierda emergente en el Continente.<\/p>\n<\/p>\n<p>Ambos no buscar\u00e1n confrontar directamente con el gobierno de Donald Trump, sino m\u00e1s bien encontrar un espacio de acercamiento en las relaciones bilaterales.   <\/p>\n<\/p>\n<p>Los izquierdistas de Am\u00e9rica Latina deber\u00e1n reflexionar profundamente ante los errores cometidos desde el poder, con los cuales han emulado aquellos \u00abvicios de corrupci\u00f3n de la derecha\u00bb que tanto criticaron estando en la oposici\u00f3n.<\/p>\n<\/p>\n<p>Art\u00edculo de Manuel D\u00edaz Aponte<\/p>\n<\/p>\n<h6> 2019-11-11 00:36:03 <\/h6>\n<p><!--\n<link rel=\"stylesheet\" href=\"css\/bootstrap.min.css\">\n\n\n<ul class=\"pagination\">\n\t    \n\t\n\n<li >\n\t<a href='?page_no=446'>Previous<\/a>\n\t<\/li>\n\n\n       \n    \n\n<li><a href='?page_no=1'>1<\/a><\/li>\n\n\n\n<li><a href='?page_no=2'>2<\/a><\/li>\n\n\n\n<li><a>...<\/a><\/li>\n\n\n\n<li><a href='?page_no=445'>445<\/a><\/li>\n\n\n\n<li><a href='?page_no=446'>446<\/a><\/li>\n\n\n\n<li class='active'><a>447<\/a><\/li>\n\n\n\n<li><a href='?page_no=448'>448<\/a><\/li>\n\n\n\n<li><a href='?page_no=449'>449<\/a><\/li>\n\n\n\n<li><a>...<\/a><\/li>\n\n\n\n<li><a href='?page_no=13611'>13611<\/a><\/li>\n\n\n\n<li><a href='?page_no=13612'>13612<\/a><\/li>\n\n    \n\t\n\n<li >\n\t<a href='?page_no=448'>Next<\/a>\n\t<\/li>\n\n\n    \n\n<li><a href='?page_no=13612'>Last &rsaquo;&rsaquo;<\/a><\/li>\n\n<\/ul>\n\n\n--><br \/>\n<\/body><\/p>\n","protected":false},"excerpt":{"rendered":"<p>Diariodominicano.com Manuel D\u00edaz Aponte La tradicional confrontaci\u00f3n pol\u00edtica ideol\u00f3gica entre la derecha e izquierda Latinoamericana est\u00e1 en un punto crucial y da se\u00f1ales de que se agudizar\u00e1 despu\u00e9s de la \u00abrenuncia\u00bb forzada del presidente de la Rep\u00fablica de Bolivia, Evo Morales. El informe de la Organizaci\u00f3n de Estados Americanos (OEA) reafirmando que hubo serias irregularidades [&hellip;]<\/p>\n","protected":false},"author":3,"featured_media":0,"comment_status":"open","ping_status":"open","sticky":false,"template":"","format":"standard","meta":{"footnotes":""},"categories":[16],"tags":[],"class_list":["post-41348","post","type-post","status-publish","format-standard","hentry","category-opiniones"],"_links":{"self":[{"href":"https:\/\/diariodominicano.com\/index.php?rest_route=\/wp\/v2\/posts\/41348","targetHints":{"allow":["GET"]}}],"collection":[{"href":"https:\/\/diariodominicano.com\/index.php?rest_route=\/wp\/v2\/posts"}],"about":[{"href":"https:\/\/diariodominicano.com\/index.php?rest_route=\/wp\/v2\/types\/post"}],"author":[{"embeddable":true,"href":"https:\/\/diariodominicano.com\/index.php?rest_route=\/wp\/v2\/users\/3"}],"replies":[{"embeddable":true,"href":"https:\/\/diariodominicano.com\/index.php?rest_route=%2Fwp%2Fv2%2Fcomments&post=41348"}],"version-history":[{"count":0,"href":"https:\/\/diariodominicano.com\/index.php?rest_route=\/wp\/v2\/posts\/41348\/revisions"}],"wp:attachment":[{"href":"https:\/\/diariodominicano.com\/index.php?rest_route=%2Fwp%2Fv2%2Fmedia&parent=41348"}],"wp:term":[{"taxonomy":"category","embeddable":true,"href":"https:\/\/diariodominicano.com\/index.php?rest_route=%2Fwp%2Fv2%2Fcategories&post=41348"},{"taxonomy":"post_tag","embeddable":true,"href":"https:\/\/diariodominicano.com\/index.php?rest_route=%2Fwp%2Fv2%2Ftags&post=41348"}],"curies":[{"name":"wp","href":"https:\/\/api.w.org\/{rel}","templated":true}]}}