{"id":41337,"date":"2019-11-11T01:05:27","date_gmt":"2019-11-11T01:05:27","guid":{"rendered":"http:\/\/diariodominicano.ddns.net\/?p=41337"},"modified":"2019-11-11T01:05:27","modified_gmt":"2019-11-11T01:05:27","slug":"lula-y-leonel-como-ave-fenix","status":"publish","type":"post","link":"https:\/\/diariodominicano.com\/?p=41337","title":{"rendered":"\u00a1LULA Y LEONEL, COMO AVE F\u00c9NIX!"},"content":{"rendered":"<p><body><\/p>\n<p><strong>Diariodominicano.com<\/strong><\/p>\n<p><strong>Franklin Almeyda Rancier<\/strong><\/p>\n<\/p>\n<p>Avanzado el 2013, en una reuni\u00f3n del CP del PLD, inform\u00e9 sobre la decisi\u00f3n  del sector conservador del continente de llevar el debate pol\u00edtico a los tribunales, para judicializarlos, y la de politizar la corrupci\u00f3n. Informaba que esos fueron acuerdos de una reuni\u00f3n celebrada en Atlanta. Que el gui\u00f3n se iniciar\u00eda por Brasil con Lula.<\/p>\n<\/p>\n<p> El alegato era que las fuerzas progresistas ganaban en las urnas, por lo que se recomendaba que los conservadores buscaran jueces y tribunales para judicializar la actividad pol\u00edtica, procesando sus l\u00edderes progresista.<\/p>\n<\/p>\n<p>Se empezar por Brasil llevarse de paro del gobierno a Dilma Rousseff (2011 a 2016), quien gobernaba llevada por el PT y co el apoyo de Lula; Lula fue llevado a los tribunales bajo la incierta prueba de corrupci\u00f3n pasiva.<\/p>\n<\/p>\n<p>Posteriormente ante nuestra sugerencia de que el PLD movilizar\u00e1 organizaciones latinoamericanas en apoyo de Lula, fue notorio el bajo inter\u00e9s del Presidente Medida. Su posici\u00f3n marc\u00f3 el rumbo, pues siendo el Presidente de la Rep\u00fablica, por razones de Estado, tiene la conducci\u00f3n de la pol\u00edtica internacional. Redujo la propuesta a que fuera un discreto gesto de solidaridad por una reducida  comision. <\/p>\n<\/p>\n<p>No llegaba a entender la negativa del Presidente Medina, hasta que comprend\u00ed que su relaci\u00f3n era, no con Lula, sino con Joao Santana y la parte oscura vinculada con Odebrecht, lo que nada ten\u00eda que ver con Lula.<\/p>\n<\/p>\n<p>En diciembre del 2016, acompa\u00f1ando a Santiago de Cuba al Dr. Leonel Fern\u00e1ndez, en las honras funebres  de Fidel Castro, coincidimos con Lula y Dilma a quienes expresamos el inter\u00e9s en hacer presencia en Brasil para  demostrar con otras organizaciones la necesaria solidaridad; los acontecimientos frustraron ese prop\u00f3sito.<\/p>\n<\/p>\n<p>Estaba a la vista que contra Lula se hac\u00eda lo que en nuestro pa\u00eds se pretend\u00eda contra Leonel. La diferencia era que con Lula se segu\u00eda un gui\u00f3n de las fuerzas conservadoras, pero contra Leonel era la c\u00fapula de su partido y desde el seno del gobierno supuestamente dirigido por el partido que \u00e9l presid\u00eda.<\/p>\n<\/p>\n<p>La negativa de Danilo de apoyar a Lula era que su inter\u00e9s brasile\u00f1o lo canalizaba Joao Santana hacia Odebrecht. Con Lula estaba Leonel, que adem\u00e1s parec\u00edan correr la misma suerte.<\/p>\n<\/p>\n<p>La diferencia entre Lula y Leonel fue sutil, pero clara; en Brasil Lula era un problema para los grupos conservadores, pero aqu\u00ed Leonel lo era para un sector de su mismo partido, el cual  pretend\u00eda perpetuarse en el poder.<\/p>\n<\/p>\n<p>Hoy los pueblos de Am\u00e9rica celebran la libertad de Lula y los l\u00edderes progresistas se han expresado en ese sentido. Llama la atenci\u00f3n que desde los EEUU, Bernie Sanders, aspirante a la nominaci\u00f3n presidencial por el Partido Dem\u00f3crata dijo el viernes: \u00abComo presidente, Lula ha hecho m\u00e1s que cualquiera para disminuir la pobreza en Brasil y defender a los trabajadores\u00bb, y agreg\u00f3: \u00abEstoy encantado de que haya sido liberado de la c\u00e1rcel, algo que nunca debi\u00f3 haber sucedido\u00bb.<\/p>\n<\/p>\n<p>Con Lula se inici\u00f3 un gui\u00f3n de persecuci\u00f3n judicial que aqu\u00ed busc\u00f3 replicarse contra Leonel, no pudiendo lograrse por tratarse de contextos pol\u00edticos diferentes. Aunque asomaron a Leonel al borde de la descalificaci\u00f3n moral, logrando s\u00f3lo, en un momento, reducir su posicionamiento.<\/p>\n<\/p>\n<p>Lula y Leonel son liderazgos, expresiones de causas e ideas de sus pueblos, que resurgen como Ave F\u00e9nix, para hacer valer la libertad.<\/p>\n<\/p>\n<p><strong>El autor fue miembro del CP del PLD, ex Ministro de Interior y ex Rector de la UASD.<\/strong><\/p>\n<h6> 2019-11-11 01:05:27 <\/h6>\n<p><!--\n<link rel=\"stylesheet\" href=\"css\/bootstrap.min.css\">\n\n\n<ul class=\"pagination\">\n\t    \n\t\n\n<li >\n\t<a href='?page_no=445'>Previous<\/a>\n\t<\/li>\n\n\n       \n    \n\n<li><a href='?page_no=1'>1<\/a><\/li>\n\n\n\n<li><a href='?page_no=2'>2<\/a><\/li>\n\n\n\n<li><a>...<\/a><\/li>\n\n\n\n<li><a href='?page_no=444'>444<\/a><\/li>\n\n\n\n<li><a href='?page_no=445'>445<\/a><\/li>\n\n\n\n<li class='active'><a>446<\/a><\/li>\n\n\n\n<li><a href='?page_no=447'>447<\/a><\/li>\n\n\n\n<li><a href='?page_no=448'>448<\/a><\/li>\n\n\n\n<li><a>...<\/a><\/li>\n\n\n\n<li><a href='?page_no=13611'>13611<\/a><\/li>\n\n\n\n<li><a href='?page_no=13612'>13612<\/a><\/li>\n\n    \n\t\n\n<li >\n\t<a href='?page_no=447'>Next<\/a>\n\t<\/li>\n\n\n    \n\n<li><a href='?page_no=13612'>Last &rsaquo;&rsaquo;<\/a><\/li>\n\n<\/ul>\n\n\n--><br \/>\n<\/body><\/p>\n","protected":false},"excerpt":{"rendered":"<p>Diariodominicano.com Franklin Almeyda Rancier Avanzado el 2013, en una reuni\u00f3n del CP del PLD, inform\u00e9 sobre la decisi\u00f3n del sector conservador del continente de llevar el debate pol\u00edtico a los tribunales, para judicializarlos, y la de politizar la corrupci\u00f3n. Informaba que esos fueron acuerdos de una reuni\u00f3n celebrada en Atlanta. Que el gui\u00f3n se iniciar\u00eda [&hellip;]<\/p>\n","protected":false},"author":3,"featured_media":0,"comment_status":"open","ping_status":"open","sticky":false,"template":"","format":"standard","meta":{"footnotes":""},"categories":[16],"tags":[],"class_list":["post-41337","post","type-post","status-publish","format-standard","hentry","category-opiniones"],"_links":{"self":[{"href":"https:\/\/diariodominicano.com\/index.php?rest_route=\/wp\/v2\/posts\/41337","targetHints":{"allow":["GET"]}}],"collection":[{"href":"https:\/\/diariodominicano.com\/index.php?rest_route=\/wp\/v2\/posts"}],"about":[{"href":"https:\/\/diariodominicano.com\/index.php?rest_route=\/wp\/v2\/types\/post"}],"author":[{"embeddable":true,"href":"https:\/\/diariodominicano.com\/index.php?rest_route=\/wp\/v2\/users\/3"}],"replies":[{"embeddable":true,"href":"https:\/\/diariodominicano.com\/index.php?rest_route=%2Fwp%2Fv2%2Fcomments&post=41337"}],"version-history":[{"count":0,"href":"https:\/\/diariodominicano.com\/index.php?rest_route=\/wp\/v2\/posts\/41337\/revisions"}],"wp:attachment":[{"href":"https:\/\/diariodominicano.com\/index.php?rest_route=%2Fwp%2Fv2%2Fmedia&parent=41337"}],"wp:term":[{"taxonomy":"category","embeddable":true,"href":"https:\/\/diariodominicano.com\/index.php?rest_route=%2Fwp%2Fv2%2Fcategories&post=41337"},{"taxonomy":"post_tag","embeddable":true,"href":"https:\/\/diariodominicano.com\/index.php?rest_route=%2Fwp%2Fv2%2Ftags&post=41337"}],"curies":[{"name":"wp","href":"https:\/\/api.w.org\/{rel}","templated":true}]}}