{"id":413221,"date":"2023-01-30T15:29:30","date_gmt":"2023-01-30T19:29:30","guid":{"rendered":"http:\/\/diariodominicano.com\/?p=413221"},"modified":"2023-01-30T15:29:30","modified_gmt":"2023-01-30T19:29:30","slug":"cine-cubano-conmemorara-centenarios-de-actores-cubanos-y-de-director","status":"publish","type":"post","link":"https:\/\/diariodominicano.com\/?p=413221","title":{"rendered":"Cine cubano conmemorar\u00e1 centenarios de actores cubanos y de director"},"content":{"rendered":"\n<p>La Habana, 30 ene (Prensa Latina) La Cinemateca de Cuba conmemorar\u00e1 en el mes de febrero los centenarios de los actores cubanos Reinaldo Miravalles y Rosita Forn\u00e9s, y del director italiano Franco Zeffirelli, inform\u00f3 hoy la instituci\u00f3n.&nbsp;&nbsp;&nbsp;&nbsp;<\/p>\n\n\n\n<ul class=\"wp-block-list\"><li>enero 30, 2023<\/li><li>CST13:31 (GMT) -0500<\/li><\/ul>\n\n\n\n<p>De Miravalles, el centro exhibir\u00e1 sus pel\u00edculas m\u00e1s representativas, entre ellas El hombre de Maisinic\u00fa, Las doce sillas, Rancheador, Los sobrevivientes, Los p\u00e1jaros tir\u00e1ndole a la escopeta, El coraz\u00f3n sobre la tierra, Vals de La Habana Vieja, as\u00ed como una entrevista in\u00e9dita que le realiz\u00f3 el compositor cubano Amaury P\u00e9rez, en 2013.<\/p>\n\n\n\n<p>Mientras, de la vedette Forn\u00e9s anunci\u00f3 la proyecci\u00f3n de las cintas El mariachi desconocido, Hotel Tropical, Se permuta, Pl\u00e1cido y Papeles secundarios, as\u00ed como los documentales Rosita Forn\u00e9s: mis tres vidas, y Con verdadero amor, de los realizadores cubanos Luis Deulofeu y Jos\u00e9 Jim\u00e9nez.<\/p>\n\n\n\n<p>La Cinemateca tambi\u00e9n proyectar\u00e1 en su sede del cine 23 y 12, en el Vedado capitalino, filmes del famoso realizador italiano como La fierecilla domada, Romeo y Julieta, Hermano sol, hermana luna y Jes\u00fas de Nazareth, entre otros largometrajes.<\/p>\n\n\n\n<p>El centro cultural perteneciente al Instituto Cubano de Arte e Industria Cinematogr\u00e1ficos recordar\u00e1 adem\u00e1s a personalidades de la isla caribe\u00f1a que fallecieron en 2022, en la sala Charlot, del cine habanero Charles Chaplin.<\/p>\n\n\n\n<p>Reinaldo Miravalles gan\u00f3 el Premio Catalina de Oro en el Festival Internacional de Cine de Cartagena, Colombia (1985), as\u00ed como el Premio Caracol a la mejor actuaci\u00f3n masculina, por el filme De tal Pedro tal astilla, entregado por la Uni\u00f3n de Escritores y Artistas de Cuba (1986).<\/p>\n\n\n\n<p>Considerada la reina del arte esc\u00e9nico por su magistral desempe\u00f1o a lo largo de varias d\u00e9cadas, Rosita Forn\u00e9s fue reconocida con importantes lauros, entre los que se distinguen los premios nacionales de M\u00fasica, Teatro y Televisi\u00f3n por la obra de la vida y el Honor al M\u00e9rito, otorgado en M\u00e9xico.<\/p>\n\n\n\n<p>Gian Franco Corsi Zeffirelli obtuvo 14 nominaciones y 19 premios entre los que sobresalen un Oscar (1983) dos Emmy (1985 y 1986), un BAFTA de la Academia Brit\u00e1nica de las Artes Cinematogr\u00e1ficas y de la Televisi\u00f3n (1984), as\u00ed como cinco David de Donatello (1969, 1972, 1979, 1991 y 2002) otorgados por la Academia de Cine Italiano.<\/p>\n\n\n\n<p>ro\/mml\/yap<\/p>\n","protected":false},"excerpt":{"rendered":"<p>La Habana, 30 ene (Prensa Latina) La Cinemateca de Cuba conmemorar\u00e1 en el mes de febrero los centenarios de los actores cubanos Reinaldo Miravalles y Rosita Forn\u00e9s, y del director italiano Franco Zeffirelli, inform\u00f3 hoy la instituci\u00f3n.&nbsp;&nbsp;&nbsp;&nbsp; enero 30, 2023 CST13:31 (GMT) -0500 De Miravalles, el centro exhibir\u00e1 sus pel\u00edculas m\u00e1s representativas, entre ellas El [&hellip;]<\/p>\n","protected":false},"author":28,"featured_media":389095,"comment_status":"closed","ping_status":"","sticky":false,"template":"","format":"standard","meta":{"footnotes":""},"categories":[21,26],"tags":[],"class_list":["post-413221","post","type-post","status-publish","format-standard","has-post-thumbnail","hentry","category-cultura","category-efemerides"],"_links":{"self":[{"href":"https:\/\/diariodominicano.com\/index.php?rest_route=\/wp\/v2\/posts\/413221","targetHints":{"allow":["GET"]}}],"collection":[{"href":"https:\/\/diariodominicano.com\/index.php?rest_route=\/wp\/v2\/posts"}],"about":[{"href":"https:\/\/diariodominicano.com\/index.php?rest_route=\/wp\/v2\/types\/post"}],"author":[{"embeddable":true,"href":"https:\/\/diariodominicano.com\/index.php?rest_route=\/wp\/v2\/users\/28"}],"replies":[{"embeddable":true,"href":"https:\/\/diariodominicano.com\/index.php?rest_route=%2Fwp%2Fv2%2Fcomments&post=413221"}],"version-history":[{"count":1,"href":"https:\/\/diariodominicano.com\/index.php?rest_route=\/wp\/v2\/posts\/413221\/revisions"}],"predecessor-version":[{"id":413222,"href":"https:\/\/diariodominicano.com\/index.php?rest_route=\/wp\/v2\/posts\/413221\/revisions\/413222"}],"wp:featuredmedia":[{"embeddable":true,"href":"https:\/\/diariodominicano.com\/index.php?rest_route=\/wp\/v2\/media\/389095"}],"wp:attachment":[{"href":"https:\/\/diariodominicano.com\/index.php?rest_route=%2Fwp%2Fv2%2Fmedia&parent=413221"}],"wp:term":[{"taxonomy":"category","embeddable":true,"href":"https:\/\/diariodominicano.com\/index.php?rest_route=%2Fwp%2Fv2%2Fcategories&post=413221"},{"taxonomy":"post_tag","embeddable":true,"href":"https:\/\/diariodominicano.com\/index.php?rest_route=%2Fwp%2Fv2%2Ftags&post=413221"}],"curies":[{"name":"wp","href":"https:\/\/api.w.org\/{rel}","templated":true}]}}