{"id":413198,"date":"2023-01-30T14:43:04","date_gmt":"2023-01-30T18:43:04","guid":{"rendered":"http:\/\/diariodominicano.com\/?p=413198"},"modified":"2023-01-30T14:47:51","modified_gmt":"2023-01-30T18:47:51","slug":"policia-en-santiago-apresa-a-dos-y-recupera-escopeta-habia-sido-despojada-a-vigilante-de-una-sucursal-bancaria","status":"publish","type":"post","link":"https:\/\/diariodominicano.com\/?p=413198","title":{"rendered":"Polic\u00eda en Santiago apresa a dos y recupera escopeta hab\u00eda sido despojada a vigilante de una sucursal Bancaria"},"content":{"rendered":"\n<p>La escopeta recuperada por la Polic\u00eda Nacional.<\/p>\n\n\n\n<figure class=\"wp-block-image size-full\"><img loading=\"lazy\" decoding=\"async\" width=\"200\" height=\"151\" src=\"https:\/\/diariodominicano.com\/wp-content\/uploads\/2023\/01\/santiago-moto-PN.png\" alt=\"\" class=\"wp-image-413202\"\/><\/figure>\n\n\n\n<p> Apresados mediante una persecuci\u00f3n policial momentos en que se desplazaban a bordo de la motocicleta marca Z3000, color negro, chasis No.LF3PCK50XDB0025537. <\/p>\n\n\n\n<p><strong>Santiago, RD, 30 de enero 2023<\/strong>:-\u00a0\u00a0Mediante una ardua labor de r\u00e1pido accionar policial, apresaron en el d\u00eda de ayer a dos hombres, quienes hab\u00edan despojado de una escopeta a un vigilante de una sucursal bancaria, ubicada en la calle del Sol, en el centro de  ciudad Santiago, inform\u00f3 el lunes la Direcci\u00f3n Regional Cibao Central, Polic\u00eda Nacional.<\/p>\n\n\n\n<p>Los prevenidos son\u00a0\u00a0Dawelvin Antonio Corona Basilio, de\u00a0\u00a027 a\u00f1os\u00a0\u00a0y Rafael Benedicto B\u00e1ez Rodr\u00edguez, alias \u201cCaquito\u201d, de 50 a\u00f1os, apresados mediante una persecuci\u00f3n policial momentos en que se desplazaban a bordo de la motocicleta marca Z3000, color negro, chasis No.LF3PCK50XDB0025537.<\/p>\n\n\n\n<p>Al momento de la detenci\u00f3n les fue ocupada la escopeta calibre 12, Serie No.MV39997U, as\u00ed como una arma blanca tipo (cuchillo) y una capucha de color negro.<\/p>\n\n\n\n<p>En cuanto a los detenidos y lo ocupado se encuentran en poder del Ministerio P\u00fablico para los fines procedentes de ley.<\/p>\n\n\n\n<p>policia nacional<a target=\"_blank\" href=\"mailto:npolicia14@gmail.com\" rel=\"noreferrer noopener\">npolicia14@gmail.com<\/a><\/p>\n\n\n\n<p><strong>OFICINA DE INFORMACI\u00d3N Y COMUNICACIONES ESTRATEGICAS DE LA POLICIA NACIONAL DIRECCION REGIONAL CIBAO CENTRAL<\/strong><\/p>\n","protected":false},"excerpt":{"rendered":"<p>La escopeta recuperada por la Polic\u00eda Nacional. Apresados mediante una persecuci\u00f3n policial momentos en que se desplazaban a bordo de la motocicleta marca Z3000, color negro, chasis No.LF3PCK50XDB0025537. Santiago, RD, 30 de enero 2023:-\u00a0\u00a0Mediante una ardua labor de r\u00e1pido accionar policial, apresaron en el d\u00eda de ayer a dos hombres, quienes hab\u00edan despojado de una [&hellip;]<\/p>\n","protected":false},"author":28,"featured_media":413201,"comment_status":"closed","ping_status":"","sticky":true,"template":"","format":"standard","meta":{"footnotes":""},"categories":[29,27],"tags":[],"class_list":["post-413198","post","type-post","status-publish","format-standard","has-post-thumbnail","hentry","category-policiasucesos","category-portada"],"_links":{"self":[{"href":"https:\/\/diariodominicano.com\/index.php?rest_route=\/wp\/v2\/posts\/413198","targetHints":{"allow":["GET"]}}],"collection":[{"href":"https:\/\/diariodominicano.com\/index.php?rest_route=\/wp\/v2\/posts"}],"about":[{"href":"https:\/\/diariodominicano.com\/index.php?rest_route=\/wp\/v2\/types\/post"}],"author":[{"embeddable":true,"href":"https:\/\/diariodominicano.com\/index.php?rest_route=\/wp\/v2\/users\/28"}],"replies":[{"embeddable":true,"href":"https:\/\/diariodominicano.com\/index.php?rest_route=%2Fwp%2Fv2%2Fcomments&post=413198"}],"version-history":[{"count":4,"href":"https:\/\/diariodominicano.com\/index.php?rest_route=\/wp\/v2\/posts\/413198\/revisions"}],"predecessor-version":[{"id":413204,"href":"https:\/\/diariodominicano.com\/index.php?rest_route=\/wp\/v2\/posts\/413198\/revisions\/413204"}],"wp:featuredmedia":[{"embeddable":true,"href":"https:\/\/diariodominicano.com\/index.php?rest_route=\/wp\/v2\/media\/413201"}],"wp:attachment":[{"href":"https:\/\/diariodominicano.com\/index.php?rest_route=%2Fwp%2Fv2%2Fmedia&parent=413198"}],"wp:term":[{"taxonomy":"category","embeddable":true,"href":"https:\/\/diariodominicano.com\/index.php?rest_route=%2Fwp%2Fv2%2Fcategories&post=413198"},{"taxonomy":"post_tag","embeddable":true,"href":"https:\/\/diariodominicano.com\/index.php?rest_route=%2Fwp%2Fv2%2Ftags&post=413198"}],"curies":[{"name":"wp","href":"https:\/\/api.w.org\/{rel}","templated":true}]}}