{"id":41315,"date":"2019-11-13T13:20:26","date_gmt":"2019-11-13T13:20:26","guid":{"rendered":"http:\/\/diariodominicano.ddns.net\/?p=41315"},"modified":"2019-11-13T13:20:26","modified_gmt":"2019-11-13T13:20:26","slug":"a-pleno-solevo-y-las-derechas","status":"publish","type":"post","link":"https:\/\/diariodominicano.com\/?p=41315","title":{"rendered":"A Pleno Sol&#13;&#13;Evo y las derechas"},"content":{"rendered":"<p><body><\/p>\n<p><strong>Por Manuel Hern\u00e1ndez Villeta<\/strong><\/p>\n<\/p>\n<p>La derecha se congel\u00f3 durante un per\u00edodo de la historia reciente de Am\u00e9rica, pero ahora retorna con br\u00edos y ganas de gobernar. El socialismo del siglo 21 se esfum\u00f3. Fue una chispa de esperanzas, pero no pudo hacer frente a sectores faticos que nunca fueron erradicados.<\/p>\n<\/p>\n<p>Ese socialismo fue v\u00edctima de sus dualidades. Enfrent\u00f3 al gran capital, pero sin nacinalizarlo. Enfrent\u00f3 a los militares con sus pr\u00e1cticas tradicionales, pero sin poder hacer cambios radicales. El resultado es que la derecha retorna, y el socialismo siglo del 21 se comienza a evaporar.<\/p>\n<\/p>\n<p>La ca\u00edda de Evo Morales indica las fragilidades del proceso. Tambi\u00e9n el fen\u00f3meno de que los guardias siguen siendo el poder mandante en Am\u00e9rica Latina. Ninguno de estos golpes blandos se hubiera  producido, si el estamento militar no hubiera cambiado de rumbo.<\/p>\n<\/p>\n<p>Evo Morales  tiene bajo su tutela al principal partido pol\u00edtico de Bolivia, y con estos militares hoy golpistas logr\u00f3 adentrarse en el socialismo del siglo 21 y gobernar en tres per\u00edodos. Al final, se vio imposibilitado de tirar las masas a las calles, y fue desbordado por la derecha que ped\u00eda nuevas elecciones y despu\u00e9s su renuncia.<\/p>\n<\/p>\n<p>Es a todas luces un golpe de Estado. No es al estilo de los viejos operativos  militares, con los tanques en las calles y fusilando a los contrarios. Ahora se disfrazan de golpes institucionales. Masas derechistas en las calles, y el gendarme que aconseja que se deje el poder.<\/p>\n<\/p>\n<p>Siendo Evo un populismo y un dirigente que levant\u00f3 su fuerza social en base a la movilizaci\u00f3n de masas, es incompresible que se dejar\u00e1 tumbar sin apelar a la movilizaci\u00f3n popular. Por el contrario,  luci\u00f3 de manos atadas, imposibilitado de hacer un llamado a que el pueblo boliviano defendiera su gobierno.<\/p>\n<\/p>\n<p>El German de su derrocamiento vino cuando permiti\u00f3 que la derecha se movilizara libremente, sin el apelar a los que le eran fieles. Se proclam\u00f3 ganador en la primera ronda electoral, pero fue de mal gusto que ante la presi\u00f3n de la calle, de los militares y de la  Organizaci\u00f3n de Estados Americanos proclamara que iba a permitir nuevas elecciones.<\/p>\n<\/p>\n<p>Como es l\u00f3gico, esa promesa demostraba debilidad extrema, por lo que los grupos derechistas la iban a rechazar e ir\u00edan por m\u00e1s, o sea pedir su renuncia. \u00bfUn golpe de Estado donde el presidente renuncia?. Ten\u00eda que dejar que lo derrocaran por la fuerza  y que la coyuntura siguiera su curso.<\/p>\n<\/p>\n<p>Esta ola de golpes de Estado de nuevo cu\u00f1o va a seguir en Am\u00e9rica Latina, es la respuesta de una derecha que cobra vida y exige retornar al poder que le quit\u00f3 el socialismo del siglo 21.  Los enfrentamiento seguir\u00e1n y habr\u00e1 una hemorragia continua de sangre. El grito que los grupos tradicionales est\u00e1n  imponiendo a la fuerza es hora de  cambiar para volver al pasado. Se abren las compuertas del infierno pol\u00edtico. \u00a1Ay!, se me acab\u00f3 la tinta.<\/p>\n<\/p>\n<h6> 2019-11-13 13:20:26 <\/h6>\n<p><!--\n<link rel=\"stylesheet\" href=\"css\/bootstrap.min.css\">\n\n\n<ul class=\"pagination\">\n\t    \n\t\n\n<li >\n\t<a href='?page_no=443'>Previous<\/a>\n\t<\/li>\n\n\n       \n    \n\n<li><a href='?page_no=1'>1<\/a><\/li>\n\n\n\n<li><a href='?page_no=2'>2<\/a><\/li>\n\n\n\n<li><a>...<\/a><\/li>\n\n\n\n<li><a href='?page_no=442'>442<\/a><\/li>\n\n\n\n<li><a href='?page_no=443'>443<\/a><\/li>\n\n\n\n<li class='active'><a>444<\/a><\/li>\n\n\n\n<li><a href='?page_no=445'>445<\/a><\/li>\n\n\n\n<li><a href='?page_no=446'>446<\/a><\/li>\n\n\n\n<li><a>...<\/a><\/li>\n\n\n\n<li><a href='?page_no=13611'>13611<\/a><\/li>\n\n\n\n<li><a href='?page_no=13612'>13612<\/a><\/li>\n\n    \n\t\n\n<li >\n\t<a href='?page_no=445'>Next<\/a>\n\t<\/li>\n\n\n    \n\n<li><a href='?page_no=13612'>Last &rsaquo;&rsaquo;<\/a><\/li>\n\n<\/ul>\n\n\n--><br \/>\n<\/body><\/p>\n","protected":false},"excerpt":{"rendered":"<p>Por Manuel Hern\u00e1ndez Villeta La derecha se congel\u00f3 durante un per\u00edodo de la historia reciente de Am\u00e9rica, pero ahora retorna con br\u00edos y ganas de gobernar. El socialismo del siglo 21 se esfum\u00f3. Fue una chispa de esperanzas, pero no pudo hacer frente a sectores faticos que nunca fueron erradicados. Ese socialismo fue v\u00edctima de [&hellip;]<\/p>\n","protected":false},"author":3,"featured_media":0,"comment_status":"open","ping_status":"open","sticky":false,"template":"","format":"standard","meta":{"footnotes":""},"categories":[16],"tags":[],"class_list":["post-41315","post","type-post","status-publish","format-standard","hentry","category-opiniones"],"_links":{"self":[{"href":"https:\/\/diariodominicano.com\/index.php?rest_route=\/wp\/v2\/posts\/41315","targetHints":{"allow":["GET"]}}],"collection":[{"href":"https:\/\/diariodominicano.com\/index.php?rest_route=\/wp\/v2\/posts"}],"about":[{"href":"https:\/\/diariodominicano.com\/index.php?rest_route=\/wp\/v2\/types\/post"}],"author":[{"embeddable":true,"href":"https:\/\/diariodominicano.com\/index.php?rest_route=\/wp\/v2\/users\/3"}],"replies":[{"embeddable":true,"href":"https:\/\/diariodominicano.com\/index.php?rest_route=%2Fwp%2Fv2%2Fcomments&post=41315"}],"version-history":[{"count":0,"href":"https:\/\/diariodominicano.com\/index.php?rest_route=\/wp\/v2\/posts\/41315\/revisions"}],"wp:attachment":[{"href":"https:\/\/diariodominicano.com\/index.php?rest_route=%2Fwp%2Fv2%2Fmedia&parent=41315"}],"wp:term":[{"taxonomy":"category","embeddable":true,"href":"https:\/\/diariodominicano.com\/index.php?rest_route=%2Fwp%2Fv2%2Fcategories&post=41315"},{"taxonomy":"post_tag","embeddable":true,"href":"https:\/\/diariodominicano.com\/index.php?rest_route=%2Fwp%2Fv2%2Ftags&post=41315"}],"curies":[{"name":"wp","href":"https:\/\/api.w.org\/{rel}","templated":true}]}}