{"id":412849,"date":"2023-01-29T11:32:32","date_gmt":"2023-01-29T15:32:32","guid":{"rendered":"http:\/\/diariodominicano.com\/?p=412849"},"modified":"2023-01-29T11:32:32","modified_gmt":"2023-01-29T15:32:32","slug":"celebran-simposio-sobre-jose-marti-y-su-alcance-en-la-vida-cubana","status":"publish","type":"post","link":"https:\/\/diariodominicano.com\/?p=412849","title":{"rendered":"Celebran simposio sobre Jos\u00e9 Mart\u00ed y su alcance en la vida cubana"},"content":{"rendered":"\n<p>Sancti Sp\u00ecritus, Cuba, 29 ene (Prensa Latina) La D\u00e9cima Tercera edici\u00f3n del Simposio martiano, celebrado en Trinidad, profundiz\u00f3 en la vida y el pensamiento del H\u00e9roe Nacional de Cuba, asegur\u00f3 hoy el investigador Juan L\u00e1zaro Besada.&nbsp;&nbsp;&nbsp;&nbsp;<\/p>\n\n\n\n<ul class=\"wp-block-list\"><li>enero 29, 2023<\/li><li>CST09:50 (GMT) -0500<\/li><\/ul>\n\n\n\n<p>El evento fue el colof\u00f3n de las actividades por el 170 aniversario del natalicio del Ap\u00f3stol de la Independencia, en la tercera villa cubana, Patrimonio Cultural de la Humanidad.<\/p>\n\n\n\n<p>Destacadas personalidades y estudiosos reunidos en el Museo Nacional de la Lucha Contrabandidos, abordaron la trascendencia de Jos\u00e9 Mart\u00ed en los tiempos que corren, dijo el presidente de la filial de la Sociedad Cultura Jos\u00e9 Mart\u00ed, en esta ciudad.<\/p>\n\n\n\n<p>La actividad, indic\u00f3, llev\u00f3 como lema: Con todos y para el bien de todos y cont\u00f3 con el patrocinio del Centro Universitario Julio Antonio Mella, y el Consejo Municipal de la Sociedad Cultural de la localidad, en la provincia de Sancti Sp\u00ecritus.<\/p>\n\n\n\n<p>Besada elogi\u00f3 los trabajos que trataron diversas facetas del m\u00e1s universal de los cubanos, el revolucionario comprometido con la patria, subray\u00f3.<\/p>\n\n\n\n<p>Otros temas que fueron resaltados versaron sobre la ciencia y la t\u00e9cnica en Mart\u00ed, sus v\u00ednculos con la familia, la pintura y el turismo.<\/p>\n\n\n\n<p>Adem\u00e1s en el simposio se presentaron los aporte de las bibliotecarias de diferentes planteles de la localidad, que cumplen la misi\u00f3n de conservar y divulgar entre estudiantes e investigadores la obra de Jos\u00e9 Mart\u00ed.<\/p>\n\n\n\n<p>oda\/rga<\/p>\n","protected":false},"excerpt":{"rendered":"<p>Sancti Sp\u00ecritus, Cuba, 29 ene (Prensa Latina) La D\u00e9cima Tercera edici\u00f3n del Simposio martiano, celebrado en Trinidad, profundiz\u00f3 en la vida y el pensamiento del H\u00e9roe Nacional de Cuba, asegur\u00f3 hoy el investigador Juan L\u00e1zaro Besada.&nbsp;&nbsp;&nbsp;&nbsp; enero 29, 2023 CST09:50 (GMT) -0500 El evento fue el colof\u00f3n de las actividades por el 170 aniversario del [&hellip;]<\/p>\n","protected":false},"author":28,"featured_media":411398,"comment_status":"closed","ping_status":"","sticky":false,"template":"","format":"standard","meta":{"footnotes":""},"categories":[26,23,27],"tags":[],"class_list":["post-412849","post","type-post","status-publish","format-standard","has-post-thumbnail","hentry","category-efemerides","category-internacional","category-portada"],"_links":{"self":[{"href":"https:\/\/diariodominicano.com\/index.php?rest_route=\/wp\/v2\/posts\/412849","targetHints":{"allow":["GET"]}}],"collection":[{"href":"https:\/\/diariodominicano.com\/index.php?rest_route=\/wp\/v2\/posts"}],"about":[{"href":"https:\/\/diariodominicano.com\/index.php?rest_route=\/wp\/v2\/types\/post"}],"author":[{"embeddable":true,"href":"https:\/\/diariodominicano.com\/index.php?rest_route=\/wp\/v2\/users\/28"}],"replies":[{"embeddable":true,"href":"https:\/\/diariodominicano.com\/index.php?rest_route=%2Fwp%2Fv2%2Fcomments&post=412849"}],"version-history":[{"count":1,"href":"https:\/\/diariodominicano.com\/index.php?rest_route=\/wp\/v2\/posts\/412849\/revisions"}],"predecessor-version":[{"id":412851,"href":"https:\/\/diariodominicano.com\/index.php?rest_route=\/wp\/v2\/posts\/412849\/revisions\/412851"}],"wp:featuredmedia":[{"embeddable":true,"href":"https:\/\/diariodominicano.com\/index.php?rest_route=\/wp\/v2\/media\/411398"}],"wp:attachment":[{"href":"https:\/\/diariodominicano.com\/index.php?rest_route=%2Fwp%2Fv2%2Fmedia&parent=412849"}],"wp:term":[{"taxonomy":"category","embeddable":true,"href":"https:\/\/diariodominicano.com\/index.php?rest_route=%2Fwp%2Fv2%2Fcategories&post=412849"},{"taxonomy":"post_tag","embeddable":true,"href":"https:\/\/diariodominicano.com\/index.php?rest_route=%2Fwp%2Fv2%2Ftags&post=412849"}],"curies":[{"name":"wp","href":"https:\/\/api.w.org\/{rel}","templated":true}]}}