{"id":41282,"date":"2019-11-14T09:19:48","date_gmt":"2019-11-14T09:19:48","guid":{"rendered":"http:\/\/diariodominicano.ddns.net\/?p=41282"},"modified":"2019-11-14T09:19:48","modified_gmt":"2019-11-14T09:19:48","slug":"frente-al-cambio-climatico","status":"publish","type":"post","link":"https:\/\/diariodominicano.com\/?p=41282","title":{"rendered":"FRENTE AL CAMBIO CLIMATICO"},"content":{"rendered":"<p><body><\/p>\n<p>EN PRIMERA FILA<\/p>\n<\/p>\n<p>FRENTE AL CAMBIO CLIMATICO<\/p>\n<p>Mario Rivadulla<\/p>\n<\/p>\n<p>Durante la participaci\u00f3n en el Desayuno del List\u00edn Diario de Ernesto Reyna, vicepresidente ejecutivo del Consejo Nacional para el Cambio Clim\u00e1tico y Mecanismo de Desarrollo Limpio, acompa\u00f1ado de otros funcionarios de alto nivel del organismo, se pusieron al desnudo algunos datos de sumo inter\u00e9s que afectan la calidad del medio ambiente, y en consecuencia la calidad de vida de la gente.<\/p>\n<\/p>\n<p>El m\u00e1s impactante seguramente es el hecho de que el veinte por ciento de los gases que contaminan el aire que respiramos proviene de los carros  con defectuosos sistemas de combusti\u00f3n y los camiones de transporte de carga donde la gran mayor\u00eda corresponden a equipos obsoletos, cuyo uso hace mucho tiempo que ha sido descartado en los Estados Unidos.  <\/p>\n<\/p>\n<p>De ah\u00ed que Reyna, quien dispone una vasta experiencia acumulada a lo largo de muchos a\u00f1os sirviendo en este campo, insista en la necesidad de por un lado ampliar los sistemas de transporte p\u00fablico, referidos al metro y al telef\u00e9rico como ejemplos, a fin de reducir el uso de veh\u00edculos individuales de los que sin duda hay un exceso de circulante.  En este mismo sentido recomienda darle mayor amplitud al mercado de veh\u00edculos.<\/p>\n<\/p>\n<p>En el curso de la entrevista period\u00edstica salieron a relucir otros hechos preocupantes, partiendo de la realidad, tantas veces reiterada, de que nuestro pa\u00eds, como ya hab\u00eda advertido Al Gore, a\u00f1os atr\u00e1s, en su impactante largo metraje \u00abUna verdad inconveniente\u00bb, figura en el ranking de los diez m\u00e1s vulnerables a los efectos negativos del cambio clim\u00e1tico.   <\/p>\n<\/p>\n<p>Los m\u00e1s notorios que cabemos esperar en el futuro a mediano y largo plazo: un aumento del calor con un incremento progresivo de 2 y hasta 3 grados en la temperatura de aqu\u00ed al 2050; menor cantidad de lluvias, con una reducci\u00f3n en la precipitaci\u00f3n pluvial que tambi\u00e9n de manera creciente llegar\u00e1 al 15 por ciento por esa misma \u00e9poca; una intensificaci\u00f3n en los per\u00edodos de sequ\u00eda, o sea menos agua para consumo humano, la agricultura y la ganader\u00eda, lo que significa poner en riesgo la meta de garantizar la Soberan\u00eda y la Seguridad Alimentaria para la poblaci\u00f3n que probablemente para ese entonces duplique o a\u00fan m\u00e1s los diez millones y medio de habitantes que pueblan el territorio nacional.<\/p>\n<\/p>\n<p>Insistimos una vez m\u00e1s que son pron\u00f3sticos con s\u00f3lido fundamento cient\u00edfico, realidades que ya estamos comenzando a sufrir, que no podemos ignorar y para enfrentar las cuales y prevenir sus consecuencias tenemos que estar debidamente preparados.  <\/p>\n<\/p>\n<p>Es un reto de sobrevivencia que no admite dilaciones.  Donde no hay espacio para indiferencia ni descuido.  En que est\u00e1 en juego el futuro de las dos pr\u00f3ximas generaciones: la de nuestros hijos y los hijos de nuestros hijos.  Trabajar desde ahora en su favor es una tarea a la que ser\u00eda imperdonable que  no le prest\u00e1ramos inmediata y necesaria atenci\u00f3n.<\/p>\n<\/p>\n<h6> 2019-11-14 09:19:48 <\/h6>\n<p><!--\n<link rel=\"stylesheet\" href=\"css\/bootstrap.min.css\">\n\n\n<ul class=\"pagination\">\n\t    \n\t\n\n<li >\n\t<a href='?page_no=440'>Previous<\/a>\n\t<\/li>\n\n\n       \n    \n\n<li><a href='?page_no=1'>1<\/a><\/li>\n\n\n\n<li><a href='?page_no=2'>2<\/a><\/li>\n\n\n\n<li><a>...<\/a><\/li>\n\n\n\n<li><a href='?page_no=439'>439<\/a><\/li>\n\n\n\n<li><a href='?page_no=440'>440<\/a><\/li>\n\n\n\n<li class='active'><a>441<\/a><\/li>\n\n\n\n<li><a href='?page_no=442'>442<\/a><\/li>\n\n\n\n<li><a href='?page_no=443'>443<\/a><\/li>\n\n\n\n<li><a>...<\/a><\/li>\n\n\n\n<li><a href='?page_no=13611'>13611<\/a><\/li>\n\n\n\n<li><a href='?page_no=13612'>13612<\/a><\/li>\n\n    \n\t\n\n<li >\n\t<a href='?page_no=442'>Next<\/a>\n\t<\/li>\n\n\n    \n\n<li><a href='?page_no=13612'>Last &rsaquo;&rsaquo;<\/a><\/li>\n\n<\/ul>\n\n\n--><br \/>\n<\/body><\/p>\n","protected":false},"excerpt":{"rendered":"<p>EN PRIMERA FILA FRENTE AL CAMBIO CLIMATICO Mario Rivadulla Durante la participaci\u00f3n en el Desayuno del List\u00edn Diario de Ernesto Reyna, vicepresidente ejecutivo del Consejo Nacional para el Cambio Clim\u00e1tico y Mecanismo de Desarrollo Limpio, acompa\u00f1ado de otros funcionarios de alto nivel del organismo, se pusieron al desnudo algunos datos de sumo inter\u00e9s que afectan [&hellip;]<\/p>\n","protected":false},"author":3,"featured_media":0,"comment_status":"open","ping_status":"open","sticky":false,"template":"","format":"standard","meta":{"footnotes":""},"categories":[16],"tags":[],"class_list":["post-41282","post","type-post","status-publish","format-standard","hentry","category-opiniones"],"_links":{"self":[{"href":"https:\/\/diariodominicano.com\/index.php?rest_route=\/wp\/v2\/posts\/41282","targetHints":{"allow":["GET"]}}],"collection":[{"href":"https:\/\/diariodominicano.com\/index.php?rest_route=\/wp\/v2\/posts"}],"about":[{"href":"https:\/\/diariodominicano.com\/index.php?rest_route=\/wp\/v2\/types\/post"}],"author":[{"embeddable":true,"href":"https:\/\/diariodominicano.com\/index.php?rest_route=\/wp\/v2\/users\/3"}],"replies":[{"embeddable":true,"href":"https:\/\/diariodominicano.com\/index.php?rest_route=%2Fwp%2Fv2%2Fcomments&post=41282"}],"version-history":[{"count":0,"href":"https:\/\/diariodominicano.com\/index.php?rest_route=\/wp\/v2\/posts\/41282\/revisions"}],"wp:attachment":[{"href":"https:\/\/diariodominicano.com\/index.php?rest_route=%2Fwp%2Fv2%2Fmedia&parent=41282"}],"wp:term":[{"taxonomy":"category","embeddable":true,"href":"https:\/\/diariodominicano.com\/index.php?rest_route=%2Fwp%2Fv2%2Fcategories&post=41282"},{"taxonomy":"post_tag","embeddable":true,"href":"https:\/\/diariodominicano.com\/index.php?rest_route=%2Fwp%2Fv2%2Ftags&post=41282"}],"curies":[{"name":"wp","href":"https:\/\/api.w.org\/{rel}","templated":true}]}}