{"id":412633,"date":"2023-01-28T11:10:48","date_gmt":"2023-01-28T15:10:48","guid":{"rendered":"http:\/\/diariodominicano.com\/?p=412633"},"modified":"2023-01-28T11:10:48","modified_gmt":"2023-01-28T15:10:48","slug":"rosas-blancas-para-jose-marti-desde-shanghai-china","status":"publish","type":"post","link":"https:\/\/diariodominicano.com\/?p=412633","title":{"rendered":"Rosas blancas para Jos\u00e9 Mart\u00ed desde Shangh\u00e1i, China"},"content":{"rendered":"\n<p>Beijing, 28 ene (Prensa Latina) Representantes de Cuba, junto a compatriotas residentes en China y ciudadanos de este pa\u00eds depositaron hoy en Shangh\u00e1i una ofrenda de rosas blancas ante un busto de Jos\u00e9 Mart\u00ed, a prop\u00f3sito del aniversario 170 de su natalicio.&nbsp;&nbsp;&nbsp;&nbsp;<\/p>\n\n\n\n<ul class=\"wp-block-list\"><li>enero 28, 2023<\/li><li>CST09:53 (GMT) -0500<\/li><\/ul>\n\n\n\n<p>El sencillo pero emotivo acto tuvo lugar frente al monumento ubicado en un parque del distrito de Jing\u2019an tambi\u00e9n en presencia de autoridades locales y de los c\u00f3nsules de Rusia, Belar\u00fas, Brasil y Uruguay, inform\u00f3 el Consulado de la isla caribe\u00f1a en esa cosmopolita municipalidad.<\/p>\n\n\n\n<p>Se trat\u00f3 de una ocasi\u00f3n propicia para resaltar la obra, el legado y el pensamiento del m\u00e1s universal de todos los cubanos<\/p>\n\n\n\n<p>El busto, fundido en bronce y develado en 2014, es obra del escultor shanghain\u00e9s Yan Youren y se considera una muestra de los tradicionales e hist\u00f3ricos lazos de cooperaci\u00f3n entre los dos pa\u00edses socialistas.<\/p>\n\n\n\n<p>rgh\/ymr<\/p>\n\n\n\n<ul class=\"wp-block-list\"><li><\/li><\/ul>\n","protected":false},"excerpt":{"rendered":"<p>Beijing, 28 ene (Prensa Latina) Representantes de Cuba, junto a compatriotas residentes en China y ciudadanos de este pa\u00eds depositaron hoy en Shangh\u00e1i una ofrenda de rosas blancas ante un busto de Jos\u00e9 Mart\u00ed, a prop\u00f3sito del aniversario 170 de su natalicio.&nbsp;&nbsp;&nbsp;&nbsp; enero 28, 2023 CST09:53 (GMT) -0500 El sencillo pero emotivo acto tuvo lugar [&hellip;]<\/p>\n","protected":false},"author":28,"featured_media":0,"comment_status":"closed","ping_status":"","sticky":false,"template":"","format":"standard","meta":{"footnotes":""},"categories":[26,23],"tags":[],"class_list":["post-412633","post","type-post","status-publish","format-standard","hentry","category-efemerides","category-internacional"],"_links":{"self":[{"href":"https:\/\/diariodominicano.com\/index.php?rest_route=\/wp\/v2\/posts\/412633","targetHints":{"allow":["GET"]}}],"collection":[{"href":"https:\/\/diariodominicano.com\/index.php?rest_route=\/wp\/v2\/posts"}],"about":[{"href":"https:\/\/diariodominicano.com\/index.php?rest_route=\/wp\/v2\/types\/post"}],"author":[{"embeddable":true,"href":"https:\/\/diariodominicano.com\/index.php?rest_route=\/wp\/v2\/users\/28"}],"replies":[{"embeddable":true,"href":"https:\/\/diariodominicano.com\/index.php?rest_route=%2Fwp%2Fv2%2Fcomments&post=412633"}],"version-history":[{"count":1,"href":"https:\/\/diariodominicano.com\/index.php?rest_route=\/wp\/v2\/posts\/412633\/revisions"}],"predecessor-version":[{"id":412634,"href":"https:\/\/diariodominicano.com\/index.php?rest_route=\/wp\/v2\/posts\/412633\/revisions\/412634"}],"wp:attachment":[{"href":"https:\/\/diariodominicano.com\/index.php?rest_route=%2Fwp%2Fv2%2Fmedia&parent=412633"}],"wp:term":[{"taxonomy":"category","embeddable":true,"href":"https:\/\/diariodominicano.com\/index.php?rest_route=%2Fwp%2Fv2%2Fcategories&post=412633"},{"taxonomy":"post_tag","embeddable":true,"href":"https:\/\/diariodominicano.com\/index.php?rest_route=%2Fwp%2Fv2%2Ftags&post=412633"}],"curies":[{"name":"wp","href":"https:\/\/api.w.org\/{rel}","templated":true}]}}