{"id":41259,"date":"2019-11-16T12:52:37","date_gmt":"2019-11-16T12:52:37","guid":{"rendered":"http:\/\/diariodominicano.ddns.net\/?p=41259"},"modified":"2019-11-16T12:52:37","modified_gmt":"2019-11-16T12:52:37","slug":"el-ominoso-pacto-de-los-doce","status":"publish","type":"post","link":"https:\/\/diariodominicano.com\/?p=41259","title":{"rendered":"EL OMINOSO PACTO DE LOS DOCE"},"content":{"rendered":"<p><body><\/p>\n<p>                                                                                           <strong>             Por Narciso Isa Conde<\/strong><\/p>\n<\/p>\n<\/p>\n<\/p>\n<p>No son ap\u00f3stoles los que han pactado, sino doce facciones de la partidocracia, gran parte de ellas muy corrompidas y responsables de la aplicaci\u00f3n de las pol\u00edticas neoliberales.<\/p>\n<\/p>\n<p>En verdad son muy pocas la excepciones, mientras  los que est\u00e1 libres de pecados mortales, se han comprometido a respaldar candidaturas de la franja neo-conservadora de partidos inmersos en el ejercicio de la pol\u00edtica como negocio y en la corrupci\u00f3n como medio de enriquecimiento; dependientes todos del poder estadounidense e incluso una parte con un corte ideol\u00f3gico neo-fascista. L\u00e9ase leonelismo, balaguerismo, vinchismo, perremeismo, pecudeismo, punismo, pe\u00f1aguabismo&#8230; muchos participando en el coro imperialista contra Evo y contra los procesos soberanos de Nuestra Am\u00e9rica.<\/p>\n<\/p>\n<p> Su lema es: \u00abt\u00fa me apoya y yo te apoyo\u00bb, aun que t\u00fa seas parte de la corruptela neoliberal y neo-trujillista imperante a lo largo de casi seis d\u00e9cadas. Y viceversa.<\/p>\n<\/p>\n<p>As\u00ed van las cosas en esa llamada oposici\u00f3n, muy parecida por cierto a su contrincante gubernamental, solo que ahora no ejerce el poder central del Estado, llegando al colmo de que el PRM, con la anuencia del Frente Amplio, le cedi\u00f3 11 candidaturas senatoriales  en 11 provincias del pa\u00eds a Leonel Fern\u00e1ndez<\/p>\n<\/p>\n<p>As\u00ed van las cosas, optando por un pacto imp\u00fadico y ominoso a lo largo y ancho de 24 provincias, correspondiente a una tres cuarta parte del territorio nacional; de cara tambi\u00e9n a una comprometedora alianza en segunda vuelta.<\/p>\n<\/p>\n<p>Pero lo peor no es eso, sino que pretendan presentar esa afrenta como parte de una decisi\u00f3n  para \u00absalvar\u00bb una democracia inexistente y una institucionalidad esencialmente pervertida; y principalmente, para disque \u00abrenovar instituciones estatales\u00bb promoviendo partidos y personas de vieja data en el negocio de la pol\u00edtica y el mercado electoral, expertos por dem\u00e1s en todo tipo de fechor\u00edas.<\/p>\n<\/p>\n<p>Ahora resulta que Leonel Fern\u00e1ndez, Quique Ant\u00fan, Pe\u00f1a Guagua y los Vinchos, entre otros, son baluartes de la \u00abdemocracia y de la honestidad\u00bb, algo que no debe extra\u00f1arnos en boca de quienes ayer aceptaron se proclamara a Balaguer \u00abpadre de la democracia dominicana\u00bb y ahora  apoyan a los que solicitan que EEUU audite la JCE. Si en esa claque no est\u00e1 Danilo, es porque est\u00e1 obligado a seguir en el gobierno, aunque sin poder reelegirse por una orden de Pompeo.<\/p>\n<\/p>\n<p>Ese t\u00e9 de tachuelas, a todas luces innecesario (hay sumas que restan y que simulaciones anticorrupci\u00f3n) para su propio fines, va ser muy dif\u00edcil de tragar en una parte de las bases del PRM y del Frente Amplio, pero lo m\u00e1s grave es la responsabilidad hist\u00f3rica que ese paso implica en direcci\u00f3n a aupar de nuevo lo m\u00e1s perverso y conservador de la oposici\u00f3n; tan perverso y derechista como la propia facci\u00f3n danilista.<\/p>\n<\/p>\n<p>Sus jefes est\u00e1n haci\u00e9ndole da\u00f1o a su propias fuerzas y contribuyendo a crear un engendro pol\u00edtico neofascista, plagado de racismo anti-haitiano y alineado con toda la ultraderecha continental, con un desenfado oportunista de alto calibre.<\/p>\n<\/p>\n<p> De paso, esa aventura reactiva las pugnas en el PRM, en tanto la facci\u00f3n de Hip\u00f3lito Mej\u00eda odia a Leonel y concilia con Danilo. La primera se\u00f1al de ese malestar es la declaraci\u00f3n de su Secretaria General, Carolina Mej\u00eda, objetando el referido pacto con argumentos pol\u00edticos v\u00e1lidos, pero sin la moral necesaria para sustentarlos como facci\u00f3n.<\/p>\n<\/p>\n<p>Esto, sin dudas, puede tener consecuencias peores que las  del \u00abfrente patri\u00f3tico\u00bb del PLD con el PRSC, concretadas ya en los gobiernos de Leonel y Danilo.<\/p>\n<\/p>\n<p>De entrada implica garantizarle impunidad a Leonel y a toda esa c\u00e1fila pol\u00edtica. Adi\u00f3s PEME, Sun Land, S\u00faper-Tucanos, Odebrecht, CEA, OISOE&#8230; por cuanto implica borrar esas cuentecitas.<\/p>\n<\/p>\n<p> Implica, adem\u00e1s, compartir eventualmente un gobierno subordinado a poderosos e inescrupulosos grupos econ\u00f3micos locales y a EEUU en su agresiva decadencia \u00a1M\u00e1s de lo mismo y malo sobre malo sumando peor!<\/p>\n<\/p>\n<h6> 2019-11-16 12:52:37 <\/h6>\n<p><!--\n<link rel=\"stylesheet\" href=\"css\/bootstrap.min.css\">\n\n\n<ul class=\"pagination\">\n\t    \n\t\n\n<li >\n\t<a href='?page_no=438'>Previous<\/a>\n\t<\/li>\n\n\n       \n    \n\n<li><a href='?page_no=1'>1<\/a><\/li>\n\n\n\n<li><a href='?page_no=2'>2<\/a><\/li>\n\n\n\n<li><a>...<\/a><\/li>\n\n\n\n<li><a href='?page_no=437'>437<\/a><\/li>\n\n\n\n<li><a href='?page_no=438'>438<\/a><\/li>\n\n\n\n<li class='active'><a>439<\/a><\/li>\n\n\n\n<li><a href='?page_no=440'>440<\/a><\/li>\n\n\n\n<li><a href='?page_no=441'>441<\/a><\/li>\n\n\n\n<li><a>...<\/a><\/li>\n\n\n\n<li><a href='?page_no=13611'>13611<\/a><\/li>\n\n\n\n<li><a href='?page_no=13612'>13612<\/a><\/li>\n\n    \n\t\n\n<li >\n\t<a href='?page_no=440'>Next<\/a>\n\t<\/li>\n\n\n    \n\n<li><a href='?page_no=13612'>Last &rsaquo;&rsaquo;<\/a><\/li>\n\n<\/ul>\n\n\n--><br \/>\n<\/body><\/p>\n","protected":false},"excerpt":{"rendered":"<p>Por Narciso Isa Conde No son ap\u00f3stoles los que han pactado, sino doce facciones de la partidocracia, gran parte de ellas muy corrompidas y responsables de la aplicaci\u00f3n de las pol\u00edticas neoliberales. En verdad son muy pocas la excepciones, mientras los que est\u00e1 libres de pecados mortales, se han comprometido a respaldar candidaturas de la [&hellip;]<\/p>\n","protected":false},"author":3,"featured_media":0,"comment_status":"open","ping_status":"open","sticky":false,"template":"","format":"standard","meta":{"footnotes":""},"categories":[16],"tags":[],"class_list":["post-41259","post","type-post","status-publish","format-standard","hentry","category-opiniones"],"_links":{"self":[{"href":"https:\/\/diariodominicano.com\/index.php?rest_route=\/wp\/v2\/posts\/41259","targetHints":{"allow":["GET"]}}],"collection":[{"href":"https:\/\/diariodominicano.com\/index.php?rest_route=\/wp\/v2\/posts"}],"about":[{"href":"https:\/\/diariodominicano.com\/index.php?rest_route=\/wp\/v2\/types\/post"}],"author":[{"embeddable":true,"href":"https:\/\/diariodominicano.com\/index.php?rest_route=\/wp\/v2\/users\/3"}],"replies":[{"embeddable":true,"href":"https:\/\/diariodominicano.com\/index.php?rest_route=%2Fwp%2Fv2%2Fcomments&post=41259"}],"version-history":[{"count":0,"href":"https:\/\/diariodominicano.com\/index.php?rest_route=\/wp\/v2\/posts\/41259\/revisions"}],"wp:attachment":[{"href":"https:\/\/diariodominicano.com\/index.php?rest_route=%2Fwp%2Fv2%2Fmedia&parent=41259"}],"wp:term":[{"taxonomy":"category","embeddable":true,"href":"https:\/\/diariodominicano.com\/index.php?rest_route=%2Fwp%2Fv2%2Fcategories&post=41259"},{"taxonomy":"post_tag","embeddable":true,"href":"https:\/\/diariodominicano.com\/index.php?rest_route=%2Fwp%2Fv2%2Ftags&post=41259"}],"curies":[{"name":"wp","href":"https:\/\/api.w.org\/{rel}","templated":true}]}}