{"id":412553,"date":"2023-01-27T23:58:20","date_gmt":"2023-01-28T03:58:20","guid":{"rendered":"http:\/\/diariodominicano.com\/?p=412553"},"modified":"2023-01-27T23:58:20","modified_gmt":"2023-01-28T03:58:20","slug":"fidel-castro-ante-jose-marti","status":"publish","type":"post","link":"https:\/\/diariodominicano.com\/?p=412553","title":{"rendered":"Fidel Castro ante Jos\u00e9 Mart\u00ed"},"content":{"rendered":"\n<p>La Habana (Prensa Latina) No caben dudas de que el ideario de Jos\u00e9 Mart\u00ed es la fuente ideol\u00f3gica m\u00e1s significativa en la formaci\u00f3n y desarrollo del pensamiento de Fidel Castro, como se evidencia en numerosos escritos y discursos del l\u00edder de la Revoluci\u00f3n cubana.&nbsp;&nbsp;&nbsp;&nbsp;<\/p>\n\n\n\n<ul class=\"wp-block-list\"><li>enero 27, 2023<\/li><li>CST01:00 (GMT) -0500<\/li><\/ul>\n\n\n\n<ul class=\"wp-block-list\"><li>Fotos: www.presidencia.gob.cu<\/li><\/ul>\n\n\n\n<p>Pedro Pablo Rodr\u00edguez*, especial para Prensa Latina<\/p>\n\n\n\n<p>La relaci\u00f3n estrecha, \u00edntima y sistem\u00e1tica entre la obra y el pensar de Fidel Castro con la de Jos\u00e9 Mart\u00ed es consecuencia, desde luego, de la voluntad del primero, quien muy prontamente as\u00ed lo manifest\u00f3 desde sus textos pol\u00edticos iniciales.<\/p>\n\n\n\n<p>Como prueba de ello se ha recurrido a menudo a la frase que pronunciara en su autodefensa titulada La historia me absolver\u00e1, cuando calific\u00f3 al Ap\u00f3stol de la independencia cubana como el autor intelectual del asalto al cuartel Moncada de Santiago de Cuba, el 26 de julio de 1953.<\/p>\n\n\n\n<p>Ciertamente, aquella acci\u00f3n armada puede considerarse como la inauguraci\u00f3n de Fidel Castro en la vida pol\u00edtica, puesto que, por un lado, ese hecho repercuti\u00f3 notablemente y le permiti\u00f3 ser ampliamente conocido en la sociedad cubana.<\/p>\n\n\n\n<p>Por otro, puso en evidencia que se abr\u00eda as\u00ed una nueva manera de enfrentar a la dictadura que hab\u00eda interrumpido la institucionalidad constitucional con el golpe de Estado un a\u00f1o antes: la v\u00eda de las armas frente al aparato militar, ejecutor y principal sost\u00e9n de la tiran\u00eda de Fulgencio Batista (1952-1958).<\/p>\n\n\n\n<p>Al igual que su generaci\u00f3n, Fidel vivi\u00f3 su infancia y juventud en una sociedad que hizo de Mart\u00ed paradigma de la naci\u00f3n, y que durante los a\u00f1os del frustrado proceso revolucionario del 30 someti\u00f3 a cr\u00edtica el sistema neocolonial desde los enjuiciamientos del Maestro.<\/p>\n\n\n\n<p>Las batallas por la Constituci\u00f3n de 1940, los afanes renovadores incumplidos por los gobiernos del Partido Aut\u00e9ntico y las esperanzas de adecentamiento y dignificaci\u00f3n moral representadas por Eduardo Chib\u00e1s tuvieron como punta de lanza el verbo martiano.<\/p>\n\n\n\n<p>La escuela y la Universidad habanera, a su vez, dieron coherencia y sistematicidad a Fidel en la lectura y asimilaci\u00f3n de la pr\u00e9dica del Maestro. El l\u00edder estudiantil y el joven abogado que se introdujo en las lides pol\u00edticas demostr\u00f3 disponer de un s\u00f3lido conocimiento de la historia patri\u00f3tica cubana y de un extenso manejo de la obra martiana.<\/p>\n\n\n\n<p>Muchos a\u00f1os despu\u00e9s, Fidel recordaba esa adscripci\u00f3n suya: \u201cDe lo primero que yo me empapo mucho, profundamente, es de la literatura martiana, de las obras de Mart\u00ed, de los escritos de Mart\u00ed; es dif\u00edcil que exista algo de lo escrito por Mart\u00ed, de sus proclamas pol\u00edticas, sus discursos, que constituyen dos gruesos vol\u00famenes, deben ser unas dos mil p\u00e1ginas o algo m\u00e1s, que no haya le\u00eddo cuando estudiaba en el bachillerato o estaba en la Universidad\u201d.<\/p>\n\n\n\n<p>Y precisaba Fidel la doble influencia que desde entonces le guiara: \u201cYo en ese momento ten\u00eda una doble influencia, que la sigo teniendo hoy: una influencia de la historia de nuestra Patria, de sus tradiciones, del pensamiento de Mart\u00ed, y de la formaci\u00f3n marxista-leninista que hab\u00edamos adquirido ya en nuestra vida universitaria\u201d.<\/p>\n\n\n\n<p>Como hab\u00eda ocurrido desde los a\u00f1os 20 de aquel siglo y durante la frustrada revoluci\u00f3n del 30, el ideario de Jos\u00e9 Mart\u00ed volv\u00eda a ser empleado conscientemente para fundamentar la necesidad de una revoluci\u00f3n social en Cuba.<\/p>\n\n\n\n<p>Luego el joven Fidel Castro, sobre todo tras su ingreso en la universidad habanera, se form\u00f3 en la pol\u00edtica en esa tradici\u00f3n y en ese ambiente, influidos por el proyecto martiano.<\/p>\n\n\n\n<p>Sus escritos de entonces evidencian en sus citas textuales y en su propio estilo esa presencia martiana, expresi\u00f3n de una lectura sistem\u00e1tica de la palabra del Maestro.<\/p>\n\n\n\n<p>No es casual que en m\u00e1s de 40 ocasiones aparezcan referencias expresas a la voz de Mart\u00ed en La historia me absolver\u00e1, tomadas de muy diferentes escritos suyos, lo que manifiesta la familiarizaci\u00f3n del joven revolucionario con esa enorme obra escrita.<\/p>\n\n\n\n<p>La propia etapa de organizaci\u00f3n del Movimiento 26 de Julio, luego de ser liberado Fidel de la prisi\u00f3n, tanto en la Isla como en la emigraci\u00f3n en Estados Unidos y en M\u00e9xico, y los preparativos del regreso a Cuba para reanudar la v\u00eda armada, indican una fuerte presencia martiana en su discurso.<\/p>\n\n\n\n<p>Ello se evidencia en la proyecci\u00f3n social de sus objetivos y en la justificaci\u00f3n \u00e9tica del m\u00e9todo de acci\u00f3n que se seguir\u00eda, y de los prop\u00f3sitos de las transformaciones sociales que se emprender\u00edan.<\/p>\n\n\n\n<p>Los grupos de revolucionarios que fueron reunidos por Fidel para afrontar con las armas a la tiran\u00eda batistiana compart\u00edan semejante culto patri\u00f3tico e inter\u00e9s por las ideas del Ap\u00f3stol, al punto de que ellos mismos se denominaron la generaci\u00f3n del centenario ante aquel aniversario de su natalicio.<\/p>\n\n\n\n<p>Fidel no fue una excepci\u00f3n: basta recordar a Ra\u00fal G\u00f3mez Garc\u00eda, Abel Santamar\u00eda, a Armando Hart, a Frank Pa\u00eds, a los hermanos Sa\u00edz Montes de Oca, quienes mostraron repetidas veces por escrito la s\u00f3lida inscripci\u00f3n martiana en su pensamiento.<\/p>\n\n\n\n<p>Fueron decenas y centenares los j\u00f3venes combatientes de entonces, en la Sierra y en el Llano, que se sintieron convocados por la palabra del Maestro a combatir a una sangrienta y corrupta tiran\u00eda, y a construir una rep\u00fablica con todos y para el bien de todos, y libre de la dependencia de los amos del norte.<\/p>\n\n\n\n<p>\u201cTRAIGO EN EL CORAZ\u00d3N LA DOCTRINA DEL MAESTRO\u201d<\/p>\n\n\n\n<p>Durante su alegato de defensa en el juicio por los sucesos del 26 de julio de 1953, Fidel Castro dijo: \u00abTraigo en el coraz\u00f3n las doctrinas del Maestro\u00bb.<\/p>\n\n\n\n<p>No era propaganda hueca la frase, sino profunda convicci\u00f3n, como lo patentiza el programa revolucionario expuesto en La historia me absolver\u00e1, una verdadera gu\u00eda de incuestionable impronta martiana para alcanzar la rep\u00fablica dise\u00f1ada desde el siglo XIX y para cumplir la verdadera liberaci\u00f3n nacional.<\/p>\n\n\n\n<p>Por eso durante los preparativos en el pa\u00eds y en el extranjero para reanudar la luchar armada, la amplia campa\u00f1a en busca de apoyo pol\u00edtico y material no solo se asent\u00f3 en la palabra del Maestro, de hecho, sigui\u00f3 su estrategia unitaria contra el colonialismo.<\/p>\n\n\n\n<p>Demostraba as\u00ed Fidel nuevamente que no era un mero repetidor de sus frases, sino que ellas calaban tanto en su propia doctrina como en su acci\u00f3n.<\/p>\n\n\n\n<p>Como prueba de su adscripci\u00f3n plena a la \u00e9tica martiana, al referirse al martirologio del Moncada y describir los cr\u00edmenes de la tiran\u00eda contra sus compa\u00f1eros prisioneros y asesinados, afirma Fidel tambi\u00e9n en 1955: \u201cEduqu\u00e9 mi mente en el pensamiento martiano que predica el amor y no el odio\u201d.<\/p>\n\n\n\n<p>Me atrever\u00eda a a\u00f1adir que hasta en la singular formaci\u00f3n militar de Fidel Castro- quien no curs\u00f3 jam\u00e1s escuela castrense alguna y, sin embargo, fue un brillante estratega, tanto en la guerrilla como el art\u00edfice de operaciones de enorme envergadura- influyeron las ideas del Maestro en cuanto a c\u00f3mo organizar y dirigir una guerra.<\/p>\n\n\n\n<p>A ello se sum\u00f3 su estudio sistem\u00e1tico de las contiendas cubanas contra el colonialismo, en particular de las campa\u00f1as de M\u00e1ximo G\u00f3mez y de Antonio Maceo. Y, siempre la eticidad martiana: una de las claves del \u00e9xito del Ej\u00e9rcito Rebelde fue la desmoralizaci\u00f3n del Ej\u00e9rcito de la tiran\u00eda frente a un enemigo que curaba a sus heridos y los devolv\u00eda a sus filas.<\/p>\n\n\n\n<p>El joven gobernante devenido pronto estadista perspicaz, el osado l\u00edder que proclam\u00f3 el car\u00e1cter socialista de la Revoluci\u00f3n Cubana ante el inminente ataque militar de la fuerza mercenaria entrenada y apoyada por el gobierno de Estados Unidos, proclam\u00f3, y se atuvo siempre fiel a ese principio, el car\u00e1cter martiano de esa Revoluci\u00f3n tambi\u00e9n socialista y adscrita al pensamiento marxista.<\/p>\n\n\n\n<p>Desde luego, tras el triunfo del 1 de enero de 1959 y comenzada la obra de transformaciones revolucionarias y hacia el socialismo, el desarrollo y maduraci\u00f3n del pensamiento de Fidel nunca dej\u00f3 de lado las ense\u00f1anzas martianas.<\/p>\n\n\n\n<p>\u201c\u00a1AL FIN, MAESTRO, TU CUBA QUE SO\u00d1ASTE, EST\u00c1 SIENDO CONVERTIDA EN REALIDAD!\u201d<\/p>\n\n\n\n<p>En un discurso de 1960, al fundamentar c\u00f3mo se cumpl\u00eda el deseo martiano frustrado en 1898, mediante la obra de cambios que emprend\u00eda la Revoluci\u00f3n, Fidel Castro expres\u00f3: \u201c\u00a1Al fin, Maestro, tu Cuba que so\u00f1aste, est\u00e1 siendo convertida en realidad!\u201d.<\/p>\n\n\n\n<p>Ra\u00edz nacional y popular, ra\u00edz martiana ten\u00eda y tiene el proceso que rescat\u00f3 las riquezas y la soberan\u00eda nacionales, que aboli\u00f3 los privilegios y la explotaci\u00f3n, que elev\u00f3 las condiciones de vida y abri\u00f3 amplio espacio al desarrollo de las capacidades de todos los cubanos.<\/p>\n\n\n\n<p>El gran combate contra el imperialismo de Estados Unidos fue siempre entendido por Fidel como la continuaci\u00f3n del que en silencio \u2014quiz\u00e1s no tan en silencio, como sabemos sus estudiosos\u2014 emprendiera Mart\u00ed, quien adem\u00e1s, a su juicio, es la fuente esencial de los sentimientos latinoamericanistas y de las muestras de solidaridad e internacionalismo expresadas durante todos estos a\u00f1os por los cubanos.<\/p>\n\n\n\n<p>De ese modo, y dado el objetivo antillanista de Mart\u00ed, la Revoluci\u00f3n cubana no ha cejado en su apoyo manifiesto a la independencia de la hermana isla de Puerto Rico.<\/p>\n\n\n\n<p>De igual manera, desde que fue creado el Partido Comunista de Cuba como elemento culminante del proceso unitario de las fuerzas revolucionarias, Fidel ha insistido siempre en su fundamentaci\u00f3n martiana junto a la marxista-leninista.<\/p>\n\n\n\n<p>En 1973 dijo: \u201cEl partido de la unidad. Como el Partido Revolucionario Cubano de la independencia, hoy dirige nuestro Partido la Revoluci\u00f3n. Militar en \u00e9l no es fuente de privilegios sino de sacrificios y de consagraci\u00f3n total a la causa revolucionaria\u201d.<\/p>\n\n\n\n<p>Estas consideraciones \u00e9ticas que Fidel coloca en primer plano para el Partido, siguen desde luego las ense\u00f1anzas quiz\u00e1s m\u00e1s importantes de Mart\u00ed: su sentido de la moral, de la dignidad humana, del camino de servicio que se ha de emprender en la vida frente a los apetitos materiales y de poder, las vanidades de la gloria.<\/p>\n\n\n\n<p>Hace casi 30 a\u00f1os Fidel manifestaba una idea que no solo hoy es imprescindible tomarla en cuenta, sino que constituye un basamento eterno para nuestro acercamiento y nuestra comprensi\u00f3n del mayor de los cubanos.<\/p>\n\n\n\n<p>\u201cPodemos decirle a Mart\u00ed que hoy m\u00e1s que nunca necesitamos de sus pensamientos, que hoy m\u00e1s que nunca necesitamos de sus ideas, que hoy m\u00e1s que nunca necesitamos de sus virtudes\u201d, signific\u00f3.<\/p>\n\n\n\n<p>Ese papel de gu\u00eda eterno, de ejemplo de conducta y de alineamiento con los pobres de la tierra, frente a toda acci\u00f3n de injusticia, de preocupaci\u00f3n por el decoro y la dignidad son probablemente los elementos esenciales asumidos de Mart\u00ed por Fidel, quien se ha encargado de trasmitir esos valores una y otra vez.<\/p>\n\n\n\n<p>Quiz\u00e1s m\u00e1s all\u00e1 de todos sus aportes al pensamiento revolucionario, de su extraordinaria comprensi\u00f3n de la pol\u00edtica, de su dedicaci\u00f3n a su pueblo y a las causas populares, Fidel Castro quedar\u00e1 para la historia como un l\u00edder moral, continuador de esa gran fuerza que proclamara Mart\u00ed que es el amor, el amor a los seres humanos y a su vida digna.<\/p>\n\n\n\n<p>Cu\u00e1nta verdad, pues, en su declaraci\u00f3n p\u00fablica de 1955: \u201cEs el Ap\u00f3stol el gu\u00eda de mi vida\u201d.<\/p>\n\n\n\n<p>rmh\/pp<\/p>\n\n\n\n<p>*Doctor en Ciencias Hist\u00f3ricas, investigador y profesor Titular, periodista. Miembro efectivo de la Academia de Ciencias de Cuba, de la Academia de la Historia de Cuba, del Tribunal Nacional de Categor\u00edas y Grados Cient\u00edficos, del Consejo Nacional de la Uni\u00f3n de Escritores y Artistas de Cuba (UNEAC).<\/p>\n\n\n\n<ul class=\"wp-block-list\"><li><\/li><\/ul>\n","protected":false},"excerpt":{"rendered":"<p>La Habana (Prensa Latina) No caben dudas de que el ideario de Jos\u00e9 Mart\u00ed es la fuente ideol\u00f3gica m\u00e1s significativa en la formaci\u00f3n y desarrollo del pensamiento de Fidel Castro, como se evidencia en numerosos escritos y discursos del l\u00edder de la Revoluci\u00f3n cubana.&nbsp;&nbsp;&nbsp;&nbsp; enero 27, 2023 CST01:00 (GMT) -0500 Fotos: www.presidencia.gob.cu Pedro Pablo Rodr\u00edguez*, [&hellip;]<\/p>\n","protected":false},"author":28,"featured_media":412554,"comment_status":"closed","ping_status":"","sticky":true,"template":"","format":"standard","meta":{"footnotes":""},"categories":[36,26],"tags":[],"class_list":["post-412553","post","type-post","status-publish","format-standard","has-post-thumbnail","hentry","category-hombresmujeresycosas","category-efemerides"],"_links":{"self":[{"href":"https:\/\/diariodominicano.com\/index.php?rest_route=\/wp\/v2\/posts\/412553","targetHints":{"allow":["GET"]}}],"collection":[{"href":"https:\/\/diariodominicano.com\/index.php?rest_route=\/wp\/v2\/posts"}],"about":[{"href":"https:\/\/diariodominicano.com\/index.php?rest_route=\/wp\/v2\/types\/post"}],"author":[{"embeddable":true,"href":"https:\/\/diariodominicano.com\/index.php?rest_route=\/wp\/v2\/users\/28"}],"replies":[{"embeddable":true,"href":"https:\/\/diariodominicano.com\/index.php?rest_route=%2Fwp%2Fv2%2Fcomments&post=412553"}],"version-history":[{"count":1,"href":"https:\/\/diariodominicano.com\/index.php?rest_route=\/wp\/v2\/posts\/412553\/revisions"}],"predecessor-version":[{"id":412555,"href":"https:\/\/diariodominicano.com\/index.php?rest_route=\/wp\/v2\/posts\/412553\/revisions\/412555"}],"wp:featuredmedia":[{"embeddable":true,"href":"https:\/\/diariodominicano.com\/index.php?rest_route=\/wp\/v2\/media\/412554"}],"wp:attachment":[{"href":"https:\/\/diariodominicano.com\/index.php?rest_route=%2Fwp%2Fv2%2Fmedia&parent=412553"}],"wp:term":[{"taxonomy":"category","embeddable":true,"href":"https:\/\/diariodominicano.com\/index.php?rest_route=%2Fwp%2Fv2%2Fcategories&post=412553"},{"taxonomy":"post_tag","embeddable":true,"href":"https:\/\/diariodominicano.com\/index.php?rest_route=%2Fwp%2Fv2%2Ftags&post=412553"}],"curies":[{"name":"wp","href":"https:\/\/api.w.org\/{rel}","templated":true}]}}