{"id":412507,"date":"2023-01-27T19:56:06","date_gmt":"2023-01-27T23:56:06","guid":{"rendered":"http:\/\/diariodominicano.com\/?p=412507"},"modified":"2023-01-27T19:59:07","modified_gmt":"2023-01-27T23:59:07","slug":"poder-judicial-realizo-conferencia-sobre-juan-pablo-duarte-y-el-teatro-revolucionario-con-motivo-de-su-natalicio","status":"publish","type":"post","link":"https:\/\/diariodominicano.com\/?p=412507","title":{"rendered":"Poder Judicial realiz\u00f3 conferencia sobre Juan Pablo Duarte y el teatro revolucionario con motivo de su natalicio\u00a0"},"content":{"rendered":"\n<p> El dramaturgo y director teatral Giovanny Cruz.<\/p>\n\n\n\n<p>Con motivo de la fecha natalicia del patricio Juan Pablo Duarte, el Poder Judicial present\u00f3 la conferencia magistral \u201cLa Dram\u00e1tica: el teatro revolucionario de Juan Pablo Duarte\u201d, impartida por el dramaturgo y director teatral Giovanny Cruz.&nbsp;&nbsp;<\/p>\n\n\n\n<figure class=\"wp-block-image size-large\"><img loading=\"lazy\" decoding=\"async\" width=\"1024\" height=\"683\" src=\"https:\/\/diariodominicano.com\/wp-content\/uploads\/2023\/01\/SCJ0315-1-1024x683.jpg\" alt=\"\" class=\"wp-image-412509\" srcset=\"https:\/\/diariodominicano.com\/wp-content\/uploads\/2023\/01\/SCJ0315-1-1024x683.jpg 1024w, https:\/\/diariodominicano.com\/wp-content\/uploads\/2023\/01\/SCJ0315-1-300x200.jpg 300w, https:\/\/diariodominicano.com\/wp-content\/uploads\/2023\/01\/SCJ0315-1-768x512.jpg 768w, https:\/\/diariodominicano.com\/wp-content\/uploads\/2023\/01\/SCJ0315-1-1536x1024.jpg 1536w, https:\/\/diariodominicano.com\/wp-content\/uploads\/2023\/01\/SCJ0315-1-2048x1366.jpg 2048w, https:\/\/diariodominicano.com\/wp-content\/uploads\/2023\/01\/SCJ0315-1-816x544.jpg 816w\" sizes=\"auto, (max-width: 1024px) 100vw, 1024px\" \/><\/figure>\n\n\n\n<p>La actividad  se llev\u00f3 a cabo este viernes 27 de enero en el Auditorio de la Suprema Corte de Justicia y cont\u00f3 con la presencia de la magistrada Nancy Salcedo, integrante de la Segunda Sala de la Suprema Corte de Justicia, jueces y juezas de diferentes jurisdicciones, servidores y servidoras judiciales.&nbsp;&nbsp;<\/p>\n\n\n\n<p>A trav\u00e9s de La Dram\u00e1tica, con un gran nivel art\u00edstico y t\u00e9cnico, el padre de la patria puso en pr\u00e1ctica una estrategia para burlar el control de las tropas invasoras, que vigilaban celosamente todas las actividades.&nbsp;&nbsp;&nbsp;<\/p>\n\n\n\n<p>\u201cMuchas veces hab\u00eda que llevar el libreto para contar con su aprobaci\u00f3n o bien suspend\u00edan una funci\u00f3n si encontraban algo fuera de lo normal en la obra presentada\u201d, relat\u00f3 Cruz quien es tambi\u00e9n actor.&nbsp;&nbsp;<\/p>\n\n\n\n<p>Duarte y sus trinitarios presentaron tres obras teatrales de contenido patri\u00f3tico con el fin de preparar el terreno para la independencia nacional. La primera obra puesta en escena fue Bruto o Roma Libre, del conde Vittorio Alfieri.&nbsp;&nbsp;<\/p>\n\n\n\n<p>El expositor, Giovanny Cruz, actual viceministro de Creatividad y Formaci\u00f3n Art\u00edstica del Ministerio de Cultura, es miembro de la Academia Dominicana de la Lengua, narrador, ensayista, maestro actoral y guionista, graduado de la Escuela Nacional de Arte Dram\u00e1tico.&nbsp;&nbsp;<\/p>\n\n\n\n<p>\u201cNuestra revoluci\u00f3n independentista es \u00fanica porque no existe otro precedente en la historia de la humanidad de un episodio de este tipo, cuyos gestores abandonaron los escenarios para irse a combatir por la patria en los escenarios reales de la guerra\u201d, afirm\u00f3 el director y guionista.&nbsp;&nbsp;<\/p>\n\n\n\n<p>En su conferencia, ilustrada con la proyecci\u00f3n de numerosas im\u00e1genes, el acad\u00e9mico hace un detallado an\u00e1lisis de las obras presentadas por Duarte y las consecuencias directas de estos montajes en nuestra independencia nacional.&nbsp;&nbsp;<\/p>\n\n\n\n<p>El Poder Judicial, reconociendo la importancia que tienen los temas culturales y patri\u00f3ticos, fomenta el acercamiento de jueces, juezas, servidores y servidoras judiciales a nivel nacional a las actividades culturales.<\/p>\n\n\n\n<p>Direcci\u00f3n de Comunicaciones Poder Judicial<a target=\"_blank\" href=\"mailto:dircomunicaciones@poderjudicial.gob.do\" rel=\"noreferrer noopener\">dircomunicaciones@poderjudicial.gob.do<\/a><\/p>\n","protected":false},"excerpt":{"rendered":"<p>El dramaturgo y director teatral Giovanny Cruz. Con motivo de la fecha natalicia del patricio Juan Pablo Duarte, el Poder Judicial present\u00f3 la conferencia magistral \u201cLa Dram\u00e1tica: el teatro revolucionario de Juan Pablo Duarte\u201d, impartida por el dramaturgo y director teatral Giovanny Cruz.&nbsp;&nbsp; La actividad se llev\u00f3 a cabo este viernes 27 de enero en [&hellip;]<\/p>\n","protected":false},"author":28,"featured_media":412511,"comment_status":"closed","ping_status":"","sticky":true,"template":"","format":"standard","meta":{"footnotes":""},"categories":[20,26,27],"tags":[],"class_list":["post-412507","post","type-post","status-publish","format-standard","has-post-thumbnail","hentry","category-dominicana-hoy","category-efemerides","category-portada"],"_links":{"self":[{"href":"https:\/\/diariodominicano.com\/index.php?rest_route=\/wp\/v2\/posts\/412507","targetHints":{"allow":["GET"]}}],"collection":[{"href":"https:\/\/diariodominicano.com\/index.php?rest_route=\/wp\/v2\/posts"}],"about":[{"href":"https:\/\/diariodominicano.com\/index.php?rest_route=\/wp\/v2\/types\/post"}],"author":[{"embeddable":true,"href":"https:\/\/diariodominicano.com\/index.php?rest_route=\/wp\/v2\/users\/28"}],"replies":[{"embeddable":true,"href":"https:\/\/diariodominicano.com\/index.php?rest_route=%2Fwp%2Fv2%2Fcomments&post=412507"}],"version-history":[{"count":3,"href":"https:\/\/diariodominicano.com\/index.php?rest_route=\/wp\/v2\/posts\/412507\/revisions"}],"predecessor-version":[{"id":412513,"href":"https:\/\/diariodominicano.com\/index.php?rest_route=\/wp\/v2\/posts\/412507\/revisions\/412513"}],"wp:featuredmedia":[{"embeddable":true,"href":"https:\/\/diariodominicano.com\/index.php?rest_route=\/wp\/v2\/media\/412511"}],"wp:attachment":[{"href":"https:\/\/diariodominicano.com\/index.php?rest_route=%2Fwp%2Fv2%2Fmedia&parent=412507"}],"wp:term":[{"taxonomy":"category","embeddable":true,"href":"https:\/\/diariodominicano.com\/index.php?rest_route=%2Fwp%2Fv2%2Fcategories&post=412507"},{"taxonomy":"post_tag","embeddable":true,"href":"https:\/\/diariodominicano.com\/index.php?rest_route=%2Fwp%2Fv2%2Ftags&post=412507"}],"curies":[{"name":"wp","href":"https:\/\/api.w.org\/{rel}","templated":true}]}}