{"id":41248,"date":"2019-11-17T23:27:19","date_gmt":"2019-11-17T23:27:19","guid":{"rendered":"http:\/\/diariodominicano.ddns.net\/?p=41248"},"modified":"2019-11-17T23:27:19","modified_gmt":"2019-11-17T23:27:19","slug":"a-pleno-solalimentos-inalcanzables","status":"publish","type":"post","link":"https:\/\/diariodominicano.com\/?p=41248","title":{"rendered":"&#13;&#13;A Pleno Sol&#13;&#13;Alimentos inalcanzables"},"content":{"rendered":"<p><body><\/p>\n<p><strong>Por Manuel Hern\u00e1ndez Villeta<\/strong><\/p>\n<\/p>\n<\/p>\n<p>Preocupan los precios altos  precios en productos de primera necesidad. Ahora el pl\u00e1tano lleva la mayor demanda. Una unidad llega a costar hasta 30 pesos en los colmados y mercados, y en los supermercados se vende por libras.<\/p>\n<\/p>\n<p>No hay una clara explicaci\u00f3n sobre los aumentos en los precios del pl\u00e1tano, que es un producto de alto consumo para toda la poblaci\u00f3n. Pasa lo mismo con el pan. Se han experimentados aumentos escalonados en este art\u00edculo.<\/p>\n<\/p>\n<p>Ya desde hace meses la leche y sus derivados, especialmente el queso fue aumentado sin dar mayores explicaciones. Da la impresi\u00f3n de que esos aumentos son a la libre del mercado, sin que haya una autoridad consultada.<\/p>\n<\/p>\n<p>Estamos en un mercado de libre oferta, pero ello no quiere decir que se olvide al consumidor. La primera protecci\u00f3n tiene que ser para los consumidores. La poblaci\u00f3n, de arriba, del medio y la de abajo, tiene que ser protegida por las autoridades.<\/p>\n<\/p>\n<p>Esa protecci\u00f3n se da, pero la especulaci\u00f3n y el agiotismo tienen muchas caras. La vigilancia y las sanciones tienen que ser permanentes. Hay que exigir para que en  cada aumento de precio, se den explicaciones sobre los reales costos de producci\u00f3n.<\/p>\n<\/p>\n<p>Sin tener que poner inconvenientes al desarrollo de la libre empresa, si se deben establecer reglas de juego claras. Que la especulaci\u00f3n sea sometida a control. El dominicano de a pie tiene hoy como su principal inquietud lograr la comida del d\u00eda. Trabaja para ese plato, que tampoco es muy condimentado y vitaminado, sino que sirve  para llenar el est\u00f3mago.<\/p>\n<\/p>\n<p>El Ministerio de Agricultura tiene que realizar una amplia investigaci\u00f3n de porque rubros agropecuarios son  aumentados de precios, sin que se haya hablado con claridad de que hay variaciones en los costos de producci\u00f3n.<\/p>\n<\/p>\n<p>Es una inc\u00f3gnita, y as\u00ed lo dijo tambi\u00e9n el ministro de Agricultura, que en los  colmados se venda el pl\u00e1tano hasta a 30 pesos la libra, pero en las calles, en guag\u00fcitas que precisamente llevan el sobrenombre de plataneras, el producto est\u00e1 a seis, siete, ocho y lo m\u00e1s nueve pesos.<\/p>\n<\/p>\n<p>Los aumentos de los precios de los productos no deben ser parte de temas y eslogan de la campa\u00f1a pol\u00edtica. Lo ideal es que se presenten soluciones y alternativas, que vayan a mejorar las condiciones de la poblaci\u00f3n en general.<\/p>\n<\/p>\n<p>Estamos a un paso de las navidades y de la entrega del salario doble, y por alg\u00fan medio hay que controlar el valor de la comida. Si es necesario se debe declarar un programa nacional de emergencia, para hacer frente a los aumentos en los precios de los productos de primera necesidad, y garantizar su red de distribuci\u00f3n y evitar la falsa escasez. \u00a1Fuera la especulaci\u00f3n!. \u00a1Ay!, se me acab\u00f3 la tinta.<\/p>\n<\/p>\n<\/p>\n<h6> 2019-11-17 23:27:19 <\/h6>\n<p><!--\n<link rel=\"stylesheet\" href=\"css\/bootstrap.min.css\">\n\n\n<ul class=\"pagination\">\n\t    \n\t\n\n<li >\n\t<a href='?page_no=437'>Previous<\/a>\n\t<\/li>\n\n\n       \n    \n\n<li><a href='?page_no=1'>1<\/a><\/li>\n\n\n\n<li><a href='?page_no=2'>2<\/a><\/li>\n\n\n\n<li><a>...<\/a><\/li>\n\n\n\n<li><a href='?page_no=436'>436<\/a><\/li>\n\n\n\n<li><a href='?page_no=437'>437<\/a><\/li>\n\n\n\n<li class='active'><a>438<\/a><\/li>\n\n\n\n<li><a href='?page_no=439'>439<\/a><\/li>\n\n\n\n<li><a href='?page_no=440'>440<\/a><\/li>\n\n\n\n<li><a>...<\/a><\/li>\n\n\n\n<li><a href='?page_no=13611'>13611<\/a><\/li>\n\n\n\n<li><a href='?page_no=13612'>13612<\/a><\/li>\n\n    \n\t\n\n<li >\n\t<a href='?page_no=439'>Next<\/a>\n\t<\/li>\n\n\n    \n\n<li><a href='?page_no=13612'>Last &rsaquo;&rsaquo;<\/a><\/li>\n\n<\/ul>\n\n\n--><br \/>\n<\/body><\/p>\n","protected":false},"excerpt":{"rendered":"<p>Por Manuel Hern\u00e1ndez Villeta Preocupan los precios altos precios en productos de primera necesidad. Ahora el pl\u00e1tano lleva la mayor demanda. Una unidad llega a costar hasta 30 pesos en los colmados y mercados, y en los supermercados se vende por libras. No hay una clara explicaci\u00f3n sobre los aumentos en los precios del pl\u00e1tano, [&hellip;]<\/p>\n","protected":false},"author":3,"featured_media":0,"comment_status":"open","ping_status":"open","sticky":false,"template":"","format":"standard","meta":{"footnotes":""},"categories":[16],"tags":[],"class_list":["post-41248","post","type-post","status-publish","format-standard","hentry","category-opiniones"],"_links":{"self":[{"href":"https:\/\/diariodominicano.com\/index.php?rest_route=\/wp\/v2\/posts\/41248","targetHints":{"allow":["GET"]}}],"collection":[{"href":"https:\/\/diariodominicano.com\/index.php?rest_route=\/wp\/v2\/posts"}],"about":[{"href":"https:\/\/diariodominicano.com\/index.php?rest_route=\/wp\/v2\/types\/post"}],"author":[{"embeddable":true,"href":"https:\/\/diariodominicano.com\/index.php?rest_route=\/wp\/v2\/users\/3"}],"replies":[{"embeddable":true,"href":"https:\/\/diariodominicano.com\/index.php?rest_route=%2Fwp%2Fv2%2Fcomments&post=41248"}],"version-history":[{"count":0,"href":"https:\/\/diariodominicano.com\/index.php?rest_route=\/wp\/v2\/posts\/41248\/revisions"}],"wp:attachment":[{"href":"https:\/\/diariodominicano.com\/index.php?rest_route=%2Fwp%2Fv2%2Fmedia&parent=41248"}],"wp:term":[{"taxonomy":"category","embeddable":true,"href":"https:\/\/diariodominicano.com\/index.php?rest_route=%2Fwp%2Fv2%2Fcategories&post=41248"},{"taxonomy":"post_tag","embeddable":true,"href":"https:\/\/diariodominicano.com\/index.php?rest_route=%2Fwp%2Fv2%2Ftags&post=41248"}],"curies":[{"name":"wp","href":"https:\/\/api.w.org\/{rel}","templated":true}]}}