{"id":412407,"date":"2023-01-27T10:50:53","date_gmt":"2023-01-27T14:50:53","guid":{"rendered":"http:\/\/diariodominicano.com\/?p=412407"},"modified":"2023-01-27T10:50:53","modified_gmt":"2023-01-27T14:50:53","slug":"rinden-homenaje-en-italia-al-heroe-nacional-de-cuba-jose-marti","status":"publish","type":"post","link":"https:\/\/diariodominicano.com\/?p=412407","title":{"rendered":"Rinden homenaje en Italia al h\u00e9roe nacional de Cuba Jos\u00e9 Mart\u00ed"},"content":{"rendered":"\n<p>Roma, 27 ene (Prensa Latina) El monumento que se erige en un c\u00e9ntrico parque de la capital italiana al h\u00e9roe nacional de Cuba, Jos\u00e9 Mart\u00ed, fue escenario hoy de un acto por el aniversario 170 de su natalicio, con ofrendas florales en su honor.&nbsp;&nbsp;&nbsp;&nbsp;<\/p>\n\n\n\n<ul class=\"wp-block-list\"><li>enero 27, 2023<\/li><li>CST08:55 (GMT) -0500<\/li><\/ul>\n\n\n\n<ul class=\"wp-block-list\"><li>Fotos: Oscar Julio Redondo Toledo<\/li><\/ul>\n\n\n\n<p>La embajadora de la naci\u00f3n antillana, Mirta Granda, destac\u00f3 durante ese homenaje, que Mart\u00ed fue definido por el l\u00edder de la Revoluci\u00f3n cubana, Fidel Castro, como \u201cla idea del bien\u201d, un pensamiento que \u201cnos convoca porque se necesitan d\u00edas dedicados a crecer y hermanar\u201d.<\/p>\n\n\n\n<p>El solemne evento, cont\u00f3 con la presencia del embajador de Cuba ante la Santa Sede, Ren\u00e9 Mujica, y de la secretaria general de la Organizaci\u00f3n Internacional Italo-Latinoamericana (IILA), Antonella Cavallari.<\/p>\n\n\n\n<p>Estuvo presente adem\u00e1s una amplia representaci\u00f3n del cuerpo diplom\u00e1tico acreditado en este pa\u00eds y los organismos internacionales en Roma, as\u00ed como ante la Santa Sede, adem\u00e1s de miembros de la comunidad cubana residente en Italia e integrantes de las asociaciones de solidaridad con la Isla, entre otros participantes.<\/p>\n\n\n\n<p>Mart\u00ed expres\u00f3 que \u201cla \u00fanica fuerza y la \u00fanica verdad que hay en esta vida es el amor. El patriotismo no es m\u00e1s que amor, la amistad no es m\u00e1s que amor\u201d, record\u00f3 Granda durante su intervenci\u00f3n, y a\u00f1adi\u00f3 que el mismo \u201cfue el ap\u00f3stol de un sue\u00f1o tit\u00e1nico, creador de un pensamiento liberador, humanista y democr\u00e1tico\u201d.<\/p>\n\n\n\n<p>El h\u00e9roe nacional de Cuba, reconocido por Fidel como el m\u00e1s universal de los cubanos y el autor intelectual de su Revoluci\u00f3n, \u201cfue el cultivador de la siembra de un mundo mejor\u201d, manifest\u00f3 la embajadora.<\/p>\n\n\n\n<p>Expres\u00f3, adem\u00e1s, que \u201cpor eso es tan importante hoy el debate de ideas, la conciencia resultada de un dialogo de civilizaciones, de generaciones, de pensamientos diferentes, con el objetivo de luchar todos por el mundo que necesitamos, no solo porque es el que vivimos, sino porque es el que dejaremos a nuestros hijos y nietos\u201d.<\/p>\n\n\n\n<p>Amor, concordia, fraternidad, es el necesario espacio que hay que crear entre las naciones, manifest\u00f3, y agreg\u00f3 que como quer\u00eda Mart\u00ed \u201cunir es la palabra de orden, pensar es un deber de todos. La libertad es el ejercicio del pensamiento, pero para ser libres hay que ser cultos\u201d.<\/p>\n\n\n\n<p>\u201cNecesitamos d\u00edas dedicados a crecer y hermanar, que sean de continuidad de la obra de Mart\u00ed y de Fidel, en que se desarrolle, como ellos nos ense\u00f1aron, la ardua labor de tejer un entramado de amor entre todos los pueblos del mundo\u201d, concluy\u00f3 la diplom\u00e1tica.<\/p>\n\n\n\n<p>Luego de la ofrenda floral, depositada ante el monumento a Mart\u00ed por los embajadores de Cuba ante Italia y la Santa Sede, fueron colocadas las de la comunidad de nacionales de ese pa\u00eds, y de varias asociaciones de amistad con la naci\u00f3n caribe\u00f1a.<\/p>\n\n\n\n<p>mem\/ort<\/p>\n","protected":false},"excerpt":{"rendered":"<p>Roma, 27 ene (Prensa Latina) El monumento que se erige en un c\u00e9ntrico parque de la capital italiana al h\u00e9roe nacional de Cuba, Jos\u00e9 Mart\u00ed, fue escenario hoy de un acto por el aniversario 170 de su natalicio, con ofrendas florales en su honor.&nbsp;&nbsp;&nbsp;&nbsp; enero 27, 2023 CST08:55 (GMT) -0500 Fotos: Oscar Julio Redondo Toledo [&hellip;]<\/p>\n","protected":false},"author":28,"featured_media":412408,"comment_status":"closed","ping_status":"","sticky":false,"template":"","format":"standard","meta":{"footnotes":""},"categories":[36,26],"tags":[],"class_list":["post-412407","post","type-post","status-publish","format-standard","has-post-thumbnail","hentry","category-hombresmujeresycosas","category-efemerides"],"_links":{"self":[{"href":"https:\/\/diariodominicano.com\/index.php?rest_route=\/wp\/v2\/posts\/412407","targetHints":{"allow":["GET"]}}],"collection":[{"href":"https:\/\/diariodominicano.com\/index.php?rest_route=\/wp\/v2\/posts"}],"about":[{"href":"https:\/\/diariodominicano.com\/index.php?rest_route=\/wp\/v2\/types\/post"}],"author":[{"embeddable":true,"href":"https:\/\/diariodominicano.com\/index.php?rest_route=\/wp\/v2\/users\/28"}],"replies":[{"embeddable":true,"href":"https:\/\/diariodominicano.com\/index.php?rest_route=%2Fwp%2Fv2%2Fcomments&post=412407"}],"version-history":[{"count":1,"href":"https:\/\/diariodominicano.com\/index.php?rest_route=\/wp\/v2\/posts\/412407\/revisions"}],"predecessor-version":[{"id":412409,"href":"https:\/\/diariodominicano.com\/index.php?rest_route=\/wp\/v2\/posts\/412407\/revisions\/412409"}],"wp:featuredmedia":[{"embeddable":true,"href":"https:\/\/diariodominicano.com\/index.php?rest_route=\/wp\/v2\/media\/412408"}],"wp:attachment":[{"href":"https:\/\/diariodominicano.com\/index.php?rest_route=%2Fwp%2Fv2%2Fmedia&parent=412407"}],"wp:term":[{"taxonomy":"category","embeddable":true,"href":"https:\/\/diariodominicano.com\/index.php?rest_route=%2Fwp%2Fv2%2Fcategories&post=412407"},{"taxonomy":"post_tag","embeddable":true,"href":"https:\/\/diariodominicano.com\/index.php?rest_route=%2Fwp%2Fv2%2Ftags&post=412407"}],"curies":[{"name":"wp","href":"https:\/\/api.w.org\/{rel}","templated":true}]}}