{"id":41237,"date":"2019-11-17T23:43:26","date_gmt":"2019-11-17T23:43:26","guid":{"rendered":"http:\/\/diariodominicano.ddns.net\/?p=41237"},"modified":"2019-11-17T23:43:26","modified_gmt":"2019-11-17T23:43:26","slug":"la-senadora-warren-no-lo-admite-pero-el-proceso-de-nominacion-presidencial-en-estados-unidos-es-racista","status":"publish","type":"post","link":"https:\/\/diariodominicano.com\/?p=41237","title":{"rendered":"La senadora Warren no lo admite, pero el proceso de nominaci\u00f3n presidencial en Estados Unidos es racista"},"content":{"rendered":"<p><body><\/p>\n<p>Amy Goodman y Denis Moynihan<\/p>\n<\/p>\n<p>Mientras Estados Unidos se vuelve cada vez m\u00e1s diverso ?y el Partido Dem\u00f3crata a\u00fan m\u00e1s?, el proceso de nominaci\u00f3n presidencial sigue dependiendo fuertemente de dos de los estados m\u00e1s blancos de la naci\u00f3n, Iowa y Nuevo Hampshire. Cuando la semana pasada en un foro de candidatos presidenciales del que \u00abDemocracy Now!\u00bb fue coanfitri\u00f3n en Carolina del Sur le preguntamos sobre esta disparidad racial a la candidata dem\u00f3crata Elizabeth Warren, ella se molest\u00f3 y respondi\u00f3: \u00abSoy solo una participante del juego\u00bb. Warren y los dem\u00e1s candidatos dem\u00f3cratas deben responder por qu\u00e9 el proceso de las primarias privilegia a estos dos peque\u00f1os estados rurales, envejecidos y casi completamente blancos, y deben explicar c\u00f3mo es que este supuesto \u00abjuego\u00bb, que elimina a varios candidatos en una etapa tan inicial del proceso, no es otra cosa que un claro ejemplo de racismo sist\u00e9mico.<\/p>\n<\/p>\n<p>El foro se llev\u00f3 a cabo en la Universidad Estatal de Carolina del Sur, una universidad hist\u00f3ricamente negra, en Orangeburg, Carolina del Sur. Aqu\u00ed est\u00e1 el di\u00e1logo con la senadora en su totalidad:<\/p>\n<\/p>\n<p>Amy Goodman*: \u00abSenadora Warren, solo quedan 30 segundos. Pero hablando de injusticia racial, \u00bfcree que, en las elecciones primarias, el orden de los estados deber\u00eda cambiar? Tenemos a Iowa y Nuevo Hampshire&#8230;\u00bb.<\/p>\n<\/p>\n<p>Elizabeth Warren: \u00abUn momento. Antes de que termine, \u00bfrealmente me va a pedir que me siente aqu\u00ed y me ponga a criticar a Iowa y Nuevo Hampshire?\u00bb<\/p>\n<\/p>\n<p>Goodman: \u00abNo, le estoy preguntando sobre el orden\u00bb.<\/p>\n<\/p>\n<p>Warren: \u00abNo, de eso se trata el tema de Iowa y Nuevo Hampshire\u00bb.<\/p>\n<\/p>\n<p>Goodman: \u00abSolo d\u00e9jeme preguntarle. Son dos de los estados m\u00e1s blancos del pa\u00eds, y luego pasamos a Carolina del Sur, que tiene una importante poblaci\u00f3n de personas de color. Eso significa que los candidatos pasan gran parte de su tiempo atendiendo las necesidades de esos dos primeros estados. En general, \u00bfcree que eso deber\u00eda cambiar?\u00bb<\/p>\n<\/p>\n<p>Warren: \u00abMire, en esto soy solo una participante del juego. Y estoy encantada de estar en Carolina del Sur. Gracias\u00bb.<\/p>\n<\/p>\n<p>La irritada reacci\u00f3n de Warren ante la pregunta revela la r\u00edgida ortodoxia del Partido Dem\u00f3crata sobre la condici\u00f3n de \u00abprimeros de la naci\u00f3n\u00bb, tanto del caucus de Iowa como de las primarias presidenciales de Nuevo Hampshire.<\/p>\n<\/p>\n<p>En 1972, los dem\u00f3cratas de Iowa adelantaron el plazo para realizar el caucus al 24 de enero, para darse m\u00e1s tiempo para procesar los resultados de todos los distritos electorales (que actualmente ascienden a 1.678). Esa fecha temprana hizo que las asambleas electorales de Iowa fueran el primer indicador del pa\u00eds del apoyo con que cuenta cada candidato y, por lo tanto, atraen mayor atenci\u00f3n por parte de los medios.<\/p>\n<\/p>\n<p>Presintiendo que estaban ante una oportunidad, los dem\u00f3cratas y los republicanos de Iowa acordaron que siempre iban a realizar las asambleas electorales de forma temprana, en el mismo d\u00eda, para maximizar la cobertura de la prensa nacional. M\u00e1s adelante, Nuevo Hampshire logr\u00f3 consolidar su dominio como el primer estado en llevar a cabo una elecci\u00f3n primaria, inmediatamente despu\u00e9s de los caucus de Iowa. As\u00ed est\u00e1 la situaci\u00f3n desde la d\u00e9cada de 1970, pero no tiene por qu\u00e9 mantenerse as\u00ed.<\/p>\n<\/p>\n<p>MSNBC le mostr\u00f3 nuestro intercambio con Warren al candidato presidencial dem\u00f3crata Julian Castro, quien respondi\u00f3: \u00abRealmente creo que necesitamos cambiar el orden de los estados [en las primarias], porque no creo que seamos el mismo pa\u00eds que \u00e9ramos en 1972. Fue ese a\u00f1o cuando Iowa por primera vez celebr\u00f3 su caucus primero, y para cuando tengamos nuestras pr\u00f3ximas elecciones presidenciales en 2024 habr\u00e1n pasado 50 a\u00f1os desde 1972. Nuestro pa\u00eds ha cambiado mucho en estos 50 a\u00f1os, el Partido Dem\u00f3crata ha cambiado mucho. Lo que realmente aprecio de los habitantes de Iowa y Nuevo Hampshire es que se toman este proceso muy en serio. Analizan a los candidatos. Asisten a los ayuntamientos. Le dan a la gente una buena escucha al mismo tiempo, [aunque] demogr\u00e1ficamente no sea un reflejo de Estados Unidos en su conjunto y definitivamente tampoco del Partido Dem\u00f3crata. Y creo que otros estados deber\u00edan tener su oportunidad. Entonces s\u00ed, por supuesto, debemos hallar otros estados. Eso no significa que Iowa y Nuevo Hampshire no puedan seguir teniendo un papel importante, pero no creo que debamos casarnos para siempre con Iowa y Nuevo Hampshire a la cabeza\u00bb.<\/p>\n<\/p>\n<p>Ya hay cuatro estados en los que las minor\u00edas son mayor\u00eda: California, Haw\u00e1i, Nuevo M\u00e9xico y Texas, y est\u00e1 adem\u00e1s el Distrito de Columbia. La celebraci\u00f3n de asambleas electorales o votaciones primarias en estos estados primero probablemente tendr\u00eda un efecto dr\u00e1stico en el resultado final.<\/p>\n<\/p>\n<p>Actualmente, la duraci\u00f3n de las actividades de campa\u00f1a en torno a Iowa y Nuevo Hampshire es muy larga y, en algunos casos, los candidatos pasan m\u00e1s de un a\u00f1o yendo de un estado al otro. Imag\u00ednense si pasaran todo ese tiempo en estados m\u00e1s diversos, como Carolina del Sur.<\/p>\n<\/p>\n<p>Hay que reconocerle a Elizabeth Warren que viaj\u00f3 a Orangeburg para participar en este primer foro de candidatos presidenciales sobre justicia ambiental. El foro fue comoderado por Mustafa Santiago Ali, ex funcionario de la Agencia de Protecci\u00f3n Ambiental que actualmente se desempe\u00f1a en la Federaci\u00f3n Nacional de Vida Silvestre. En el momento c\u00falmine del foro, Mustafa defini\u00f3 la injusticia ambiental: \u00abLa injusticia ambiental es el impacto desproporcionado que sigue ocurriendo en nuestras comunidades. Las cosas que nadie quiere son depositadas en las comunidades de color, comunidades de bajos ingresos y tierras ind\u00edgenas. Estas se convierten en zonas de sacrificio: zonas de sacrificio para centrales el\u00e9ctricas de carb\u00f3n, para operaciones certificadas de comederos de animales confinados, para plantas de tratamiento de residuos y viviendas no saludables, donde hallamos plomo, m\u00e1s tantos otros impactos que se est\u00e1n observando. Entonces, en esencia, las injusticias ambientales que siguen ocurriendo les est\u00e1n sucediendo a las personas de color y a las comunidades de bajos ingresos\u00bb.<\/p>\n<\/p>\n<p>Los intereses de los primeros estados en el proceso de nominaci\u00f3n presidencial impactan de manera desproporcionada en la agenda de toda la campa\u00f1a pol\u00edtica. La democracia implica representaci\u00f3n. El sistema de las primarias presidenciales necesita una reforma ahora.<\/p>\n<p>Columna15 DE NOVIEMBRE DE 2019<\/p>\n<p>\u00a9 2019 Amy Goodman<\/p>\n<\/p>\n<p>Traducci\u00f3n al espa\u00f1ol del texto en ingl\u00e9s: In\u00e9s Coira. Edici\u00f3n: Mar\u00eda Eva Blotta y Democracy Now! en espa\u00f1ol, spanish@democracynow.org<\/p>\n<\/p>\n<p>Amy Goodman es la conductora de Democracy Now!, un noticiero internacional que se emite diariamente en m\u00e1s de 800 emisoras de radio y televisi\u00f3n en ingl\u00e9s y en m\u00e1s de 450 en espa\u00f1ol. Es co-autora del libro \u00abLos que luchan contra el sistema: H\u00e9roes ordinarios en tiempos extraordinarios en Estados Unidos\u00bb, editado por Le Monde Diplomatique Cono Sur.<\/p>\n<h6> 2019-11-17 23:43:26 <\/h6>\n<p><!--\n<link rel=\"stylesheet\" href=\"css\/bootstrap.min.css\">\n\n\n<ul class=\"pagination\">\n\t    \n\t\n\n<li >\n\t<a href='?page_no=436'>Previous<\/a>\n\t<\/li>\n\n\n       \n    \n\n<li><a href='?page_no=1'>1<\/a><\/li>\n\n\n\n<li><a href='?page_no=2'>2<\/a><\/li>\n\n\n\n<li><a>...<\/a><\/li>\n\n\n\n<li><a href='?page_no=435'>435<\/a><\/li>\n\n\n\n<li><a href='?page_no=436'>436<\/a><\/li>\n\n\n\n<li class='active'><a>437<\/a><\/li>\n\n\n\n<li><a href='?page_no=438'>438<\/a><\/li>\n\n\n\n<li><a href='?page_no=439'>439<\/a><\/li>\n\n\n\n<li><a>...<\/a><\/li>\n\n\n\n<li><a href='?page_no=13611'>13611<\/a><\/li>\n\n\n\n<li><a href='?page_no=13612'>13612<\/a><\/li>\n\n    \n\t\n\n<li >\n\t<a href='?page_no=438'>Next<\/a>\n\t<\/li>\n\n\n    \n\n<li><a href='?page_no=13612'>Last &rsaquo;&rsaquo;<\/a><\/li>\n\n<\/ul>\n\n\n--><br \/>\n<\/body><\/p>\n","protected":false},"excerpt":{"rendered":"<p>Amy Goodman y Denis Moynihan Mientras Estados Unidos se vuelve cada vez m\u00e1s diverso ?y el Partido Dem\u00f3crata a\u00fan m\u00e1s?, el proceso de nominaci\u00f3n presidencial sigue dependiendo fuertemente de dos de los estados m\u00e1s blancos de la naci\u00f3n, Iowa y Nuevo Hampshire. Cuando la semana pasada en un foro de candidatos presidenciales del que \u00abDemocracy [&hellip;]<\/p>\n","protected":false},"author":3,"featured_media":0,"comment_status":"open","ping_status":"open","sticky":false,"template":"","format":"standard","meta":{"footnotes":""},"categories":[16],"tags":[],"class_list":["post-41237","post","type-post","status-publish","format-standard","hentry","category-opiniones"],"_links":{"self":[{"href":"https:\/\/diariodominicano.com\/index.php?rest_route=\/wp\/v2\/posts\/41237","targetHints":{"allow":["GET"]}}],"collection":[{"href":"https:\/\/diariodominicano.com\/index.php?rest_route=\/wp\/v2\/posts"}],"about":[{"href":"https:\/\/diariodominicano.com\/index.php?rest_route=\/wp\/v2\/types\/post"}],"author":[{"embeddable":true,"href":"https:\/\/diariodominicano.com\/index.php?rest_route=\/wp\/v2\/users\/3"}],"replies":[{"embeddable":true,"href":"https:\/\/diariodominicano.com\/index.php?rest_route=%2Fwp%2Fv2%2Fcomments&post=41237"}],"version-history":[{"count":0,"href":"https:\/\/diariodominicano.com\/index.php?rest_route=\/wp\/v2\/posts\/41237\/revisions"}],"wp:attachment":[{"href":"https:\/\/diariodominicano.com\/index.php?rest_route=%2Fwp%2Fv2%2Fmedia&parent=41237"}],"wp:term":[{"taxonomy":"category","embeddable":true,"href":"https:\/\/diariodominicano.com\/index.php?rest_route=%2Fwp%2Fv2%2Fcategories&post=41237"},{"taxonomy":"post_tag","embeddable":true,"href":"https:\/\/diariodominicano.com\/index.php?rest_route=%2Fwp%2Fv2%2Ftags&post=41237"}],"curies":[{"name":"wp","href":"https:\/\/api.w.org\/{rel}","templated":true}]}}