{"id":412311,"date":"2023-01-27T00:08:47","date_gmt":"2023-01-27T04:08:47","guid":{"rendered":"http:\/\/diariodominicano.com\/?p=412311"},"modified":"2023-01-27T00:10:32","modified_gmt":"2023-01-27T04:10:32","slug":"liceo-experimental-uasd-conmemora-el-natalicio-del-patricio-duarte-con-una-ofrenda-floral","status":"publish","type":"post","link":"https:\/\/diariodominicano.com\/?p=412311","title":{"rendered":"Liceo Experimental UASD conmemora el natalicio del patricio Duarte con una ofrenda floral"},"content":{"rendered":"\n<p> La maestra Jocelyn Fructuoso, directora del Liceo Experimental\u00a0 \u201cAmelia Ricart Calventi\u201d y Mayra Jim\u00e9nez, profesora de Ciencias Sociales, de esa instituci\u00f3n educativa.<\/p>\n\n\n\n<figure class=\"wp-block-image size-large\"><img loading=\"lazy\" decoding=\"async\" width=\"1024\" height=\"683\" src=\"https:\/\/diariodominicano.com\/wp-content\/uploads\/2023\/01\/TON_1034-1024x683.jpg\" alt=\"\" class=\"wp-image-412313\" srcset=\"https:\/\/diariodominicano.com\/wp-content\/uploads\/2023\/01\/TON_1034-1024x683.jpg 1024w, https:\/\/diariodominicano.com\/wp-content\/uploads\/2023\/01\/TON_1034-300x200.jpg 300w, https:\/\/diariodominicano.com\/wp-content\/uploads\/2023\/01\/TON_1034-768x512.jpg 768w, https:\/\/diariodominicano.com\/wp-content\/uploads\/2023\/01\/TON_1034-1536x1025.jpg 1536w, https:\/\/diariodominicano.com\/wp-content\/uploads\/2023\/01\/TON_1034-2048x1367.jpg 2048w, https:\/\/diariodominicano.com\/wp-content\/uploads\/2023\/01\/TON_1034-816x544.jpg 816w\" sizes=\"auto, (max-width: 1024px) 100vw, 1024px\" \/><figcaption> Estudiantes y profesores del centro educativo. <\/figcaption><\/figure>\n\n\n\n<figure class=\"wp-block-image size-large\"><img loading=\"lazy\" decoding=\"async\" width=\"1024\" height=\"683\" src=\"https:\/\/diariodominicano.com\/wp-content\/uploads\/2023\/01\/TON_1056-1024x683.jpg\" alt=\"\" class=\"wp-image-412316\" srcset=\"https:\/\/diariodominicano.com\/wp-content\/uploads\/2023\/01\/TON_1056-1024x683.jpg 1024w, https:\/\/diariodominicano.com\/wp-content\/uploads\/2023\/01\/TON_1056-300x200.jpg 300w, https:\/\/diariodominicano.com\/wp-content\/uploads\/2023\/01\/TON_1056-768x512.jpg 768w, https:\/\/diariodominicano.com\/wp-content\/uploads\/2023\/01\/TON_1056-1536x1025.jpg 1536w, https:\/\/diariodominicano.com\/wp-content\/uploads\/2023\/01\/TON_1056-2048x1367.jpg 2048w, https:\/\/diariodominicano.com\/wp-content\/uploads\/2023\/01\/TON_1056-816x544.jpg 816w\" sizes=\"auto, (max-width: 1024px) 100vw, 1024px\" \/><\/figure>\n\n\n\n<p>El Liceo Experimental \u201cAmelia Ricart Calventi\u201d, de la Universidad Aut\u00f3noma de Santo Domingo (UASD), conmemor\u00f3 los 210 a\u00f1os del natalicio del patricio Juan Pablo Duarte, con el dep\u00f3sito de una ofrenda floral en su estatua, ubicada frente a la Alma M\u00e1ter, de esa casa de altos estudios.<\/p>\n\n\n\n<p><a><\/a>La directora del centro escolar, maestra Jocelyn Fructuoso, sostuvo que Duarte es un paradigma de la historia y que invita a los estudiantes a seguir su ejemplo desde el punto de vista del conocimiento, que es el que da la verdadera libertad, y a tener un mejor pa\u00eds.<\/p>\n\n\n\n<p>De su lado, la profesora de Ciencias Sociales del liceo, Mayra Jim\u00e9nez, expres\u00f3 que Duarte trabaj\u00f3 con los j\u00f3venes, y que es la responsabilidad de cada uno mantener la Rep\u00fablica Dominicana libre e independiente y soberana.<\/p>\n\n\n\n<p>Jim\u00e9nez dijo que la forma de los j\u00f3venes lograr que el pa\u00eds permanezca libre, es con el conocimiento social, estudiando y rindiendo cuenta con la honestidad y el cambio que necesita la naci\u00f3n, imitando al patricio, que es el modelo de toda la juventud.<\/p>\n\n\n\n<p>Mientras que la estudiante M\u00f3nica Ram\u00edrez Silverio, realiz\u00f3 una breve rese\u00f1a y se\u00f1al\u00f3 que Duarte fue un l\u00edder que impuls\u00f3 la independencia dominicana con una visi\u00f3n para tener un pa\u00eds libre y pr\u00f3spero.<\/p>\n\n\n\n<p>En la actividad participaron estudiantes y profesores del centro educativo.<\/p>\n\n\n\n<p>Relaciones P\u00fablicas<a target=\"_blank\" href=\"mailto:relacionespublicas@uasd.edu.do\" rel=\"noreferrer noopener\">relacionespublicas@uasd.edu.do<\/a><\/p>\n","protected":false},"excerpt":{"rendered":"<p>La maestra Jocelyn Fructuoso, directora del Liceo Experimental\u00a0 \u201cAmelia Ricart Calventi\u201d y Mayra Jim\u00e9nez, profesora de Ciencias Sociales, de esa instituci\u00f3n educativa. El Liceo Experimental \u201cAmelia Ricart Calventi\u201d, de la Universidad Aut\u00f3noma de Santo Domingo (UASD), conmemor\u00f3 los 210 a\u00f1os del natalicio del patricio Juan Pablo Duarte, con el dep\u00f3sito de una ofrenda floral en [&hellip;]<\/p>\n","protected":false},"author":28,"featured_media":412312,"comment_status":"closed","ping_status":"","sticky":false,"template":"","format":"standard","meta":{"footnotes":""},"categories":[26],"tags":[],"class_list":["post-412311","post","type-post","status-publish","format-standard","has-post-thumbnail","hentry","category-efemerides"],"_links":{"self":[{"href":"https:\/\/diariodominicano.com\/index.php?rest_route=\/wp\/v2\/posts\/412311","targetHints":{"allow":["GET"]}}],"collection":[{"href":"https:\/\/diariodominicano.com\/index.php?rest_route=\/wp\/v2\/posts"}],"about":[{"href":"https:\/\/diariodominicano.com\/index.php?rest_route=\/wp\/v2\/types\/post"}],"author":[{"embeddable":true,"href":"https:\/\/diariodominicano.com\/index.php?rest_route=\/wp\/v2\/users\/28"}],"replies":[{"embeddable":true,"href":"https:\/\/diariodominicano.com\/index.php?rest_route=%2Fwp%2Fv2%2Fcomments&post=412311"}],"version-history":[{"count":4,"href":"https:\/\/diariodominicano.com\/index.php?rest_route=\/wp\/v2\/posts\/412311\/revisions"}],"predecessor-version":[{"id":412318,"href":"https:\/\/diariodominicano.com\/index.php?rest_route=\/wp\/v2\/posts\/412311\/revisions\/412318"}],"wp:featuredmedia":[{"embeddable":true,"href":"https:\/\/diariodominicano.com\/index.php?rest_route=\/wp\/v2\/media\/412312"}],"wp:attachment":[{"href":"https:\/\/diariodominicano.com\/index.php?rest_route=%2Fwp%2Fv2%2Fmedia&parent=412311"}],"wp:term":[{"taxonomy":"category","embeddable":true,"href":"https:\/\/diariodominicano.com\/index.php?rest_route=%2Fwp%2Fv2%2Fcategories&post=412311"},{"taxonomy":"post_tag","embeddable":true,"href":"https:\/\/diariodominicano.com\/index.php?rest_route=%2Fwp%2Fv2%2Ftags&post=412311"}],"curies":[{"name":"wp","href":"https:\/\/api.w.org\/{rel}","templated":true}]}}