{"id":41226,"date":"2019-11-17T23:47:46","date_gmt":"2019-11-17T23:47:46","guid":{"rendered":"http:\/\/diariodominicano.ddns.net\/?p=41226"},"modified":"2019-11-17T23:47:46","modified_gmt":"2019-11-17T23:47:46","slug":"el-alacran-no-podra-aguijonear","status":"publish","type":"post","link":"https:\/\/diariodominicano.com\/?p=41226","title":{"rendered":"\u00a1EL ALACR\u00c1N NO PODR\u00c1 AGUIJONEAR!"},"content":{"rendered":"<p><body><\/p>\n<p><strong>FRANKLIN ALMEYDA RANCIER<\/strong><\/p>\n<\/p>\n<p>Cuando publiqu\u00e9, en esta columna, sobre la f\u00e1bula del sapo y el alacr\u00e1n, a prop\u00f3sito del proceso pol\u00edtico y sus consecuencias, ese art\u00edculo junto a otros fue motivo para reclamos en la c\u00fapula del PLD, espec\u00edficamente por varios ministros miembros de su CP. <\/p>\n<\/p>\n<p>Se mostraban irritados, igualmente, por haber escrito que en el 2016 Danilo hab\u00eda ganado con pi\u00e9s de barro o porque posteriormente reclamaba que mis perros o\u00edan m\u00e1s que los senadores. En otras entregas de esta columna reclamaba que se respetara los acuerdos y explicaba que a\u00fan hab\u00eda tiempo para restablecer la confianza y se estaba en camino para que esa organizaci\u00f3n pol\u00edtica retomara el camino para no perder de s\u00ed misma.<\/p>\n<\/p>\n<p>Esa c\u00fapula hizo de todo para descalificar la moral y el liderazgo pol\u00edtico del Dr. Leonel Fern\u00e1ndez. Los esfuerzos de \u00e9ste de cohabitar eran respondidos con mayores presiones sobre \u00e9l; la c\u00fapula, con evidente ignorancia pol\u00edtica, confund\u00eda la prudencia con debilidad y esperaban a que ceder\u00eda. No se daba cuenta que lo estaban templando como l\u00edder pol\u00edtico.<\/p>\n<\/p>\n<p>El prop\u00f3sito de esa c\u00fapula partidaria era obligar al Dr. Fern\u00e1ndez que permitiera una nueva modificaci\u00f3n constitucional para perpetuar al Presidente Medina en el poder.<\/p>\n<\/p>\n<p>El Dr. Fern\u00e1ndez no ced\u00eda, consolidando su posici\u00f3n y convirti\u00f3 su postura en una causa nacional en defensa del ejercicio democr\u00e1tico del poder y en respeto a las normas constitucionales que lo rigen.<\/p>\n<\/p>\n<p>Compart\u00ed el criterio de que de perseverar la c\u00fapula palaciega y partidaria en ese comportamiento, pondr\u00edan en riesgo la permanencia del PLD en el poder, debido al progresivo deterioro del gobierno que ir\u00edan provocando. Se pod\u00eda advert\u00ed que el Dr. Fernandez tendr\u00eda que echarse encima un gobierno en ca\u00edda y un partido en descr\u00e9dito.<\/p>\n<\/p>\n<p>Simb\u00f3licamente invocamos la f\u00e1bula del sapo y el alacr\u00e1n, porque se refiere a un sapo, que por ser anfibio, puede cruzar las aguas profundas a nado y la de un alacr\u00e1n (Centruroides limpidus) venenoso, que con hipocres\u00eda le pide al anfibio cruzar en su lomo un profundo r\u00edo. El sapo (anfibio) le responde que no, que \u00e9l le enterrar\u00eda la ponzo\u00f1a venenosa; el alacr\u00e1n responde, con cara angelical, que no porque se ahogar\u00edan los dos. El anfibio, con un gesto noble, lo invita a subirse en su lomo y, cruzando el r\u00edo, el alacr\u00e1n entierra al sapo su ponzo\u00f1a venenosa, cuando el sapo reclama y le dice que ahora nos ahogaremos los dos; el alacr\u00e1n responde diciendo perdone, es que eso est\u00e1 en mi naturaleza.<\/p>\n<\/p>\n<p>Recrear esa f\u00e1bula molest\u00f3 y sac\u00f3 de control emocional a la c\u00fapula palaciega y partidaria, porque se trataba de una clara advertencia de lo que le suceder\u00eda al Dr. Leonel Fern\u00e1ndez, y a la causa que ha sustentado, si optaba por echarse encima este gobierno.<\/p>\n<\/p>\n<p>El domingo 20 de octubre pasado, como resultado final de las primarias fraudulentas, el Dr. Fern\u00e1ndez anunci\u00f3 su salida del PLD y con \u00e9l un numeroso grupo de dirigentes (entre los que me encuentro) y una interminable cantidad de miembros que a\u00fan no paran.<\/p>\n<\/p>\n<p>El alacr\u00e1n no podr\u00e1 aguijonear porque Leonel Fern\u00e1ndez y los dirigentes renunciantes pasamos a construir el Partido Fuerza del Pueblo. En s\u00f3lo 28 d\u00edas, por dem\u00e1s, Leonel ha pasado a ser candidato presidencial de seis partidos y ser el  arquitecto de una poderosa coalici\u00f3n opositora.<\/p>\n<\/p>\n<p><strong>El autor fue miembro del CP del PLD, ex Ministro de Interior y ex Rector de la UASD.<\/strong><\/p>\n<h6> 2019-11-17 23:47:46 <\/h6>\n<p><!--\n<link rel=\"stylesheet\" href=\"css\/bootstrap.min.css\">\n\n\n<ul class=\"pagination\">\n\t    \n\t\n\n<li >\n\t<a href='?page_no=435'>Previous<\/a>\n\t<\/li>\n\n\n       \n    \n\n<li><a href='?page_no=1'>1<\/a><\/li>\n\n\n\n<li><a href='?page_no=2'>2<\/a><\/li>\n\n\n\n<li><a>...<\/a><\/li>\n\n\n\n<li><a href='?page_no=434'>434<\/a><\/li>\n\n\n\n<li><a href='?page_no=435'>435<\/a><\/li>\n\n\n\n<li class='active'><a>436<\/a><\/li>\n\n\n\n<li><a href='?page_no=437'>437<\/a><\/li>\n\n\n\n<li><a href='?page_no=438'>438<\/a><\/li>\n\n\n\n<li><a>...<\/a><\/li>\n\n\n\n<li><a href='?page_no=13611'>13611<\/a><\/li>\n\n\n\n<li><a href='?page_no=13612'>13612<\/a><\/li>\n\n    \n\t\n\n<li >\n\t<a href='?page_no=437'>Next<\/a>\n\t<\/li>\n\n\n    \n\n<li><a href='?page_no=13612'>Last &rsaquo;&rsaquo;<\/a><\/li>\n\n<\/ul>\n\n\n--><br \/>\n<\/body><\/p>\n","protected":false},"excerpt":{"rendered":"<p>FRANKLIN ALMEYDA RANCIER Cuando publiqu\u00e9, en esta columna, sobre la f\u00e1bula del sapo y el alacr\u00e1n, a prop\u00f3sito del proceso pol\u00edtico y sus consecuencias, ese art\u00edculo junto a otros fue motivo para reclamos en la c\u00fapula del PLD, espec\u00edficamente por varios ministros miembros de su CP. Se mostraban irritados, igualmente, por haber escrito que en [&hellip;]<\/p>\n","protected":false},"author":3,"featured_media":0,"comment_status":"open","ping_status":"open","sticky":false,"template":"","format":"standard","meta":{"footnotes":""},"categories":[16],"tags":[],"class_list":["post-41226","post","type-post","status-publish","format-standard","hentry","category-opiniones"],"_links":{"self":[{"href":"https:\/\/diariodominicano.com\/index.php?rest_route=\/wp\/v2\/posts\/41226","targetHints":{"allow":["GET"]}}],"collection":[{"href":"https:\/\/diariodominicano.com\/index.php?rest_route=\/wp\/v2\/posts"}],"about":[{"href":"https:\/\/diariodominicano.com\/index.php?rest_route=\/wp\/v2\/types\/post"}],"author":[{"embeddable":true,"href":"https:\/\/diariodominicano.com\/index.php?rest_route=\/wp\/v2\/users\/3"}],"replies":[{"embeddable":true,"href":"https:\/\/diariodominicano.com\/index.php?rest_route=%2Fwp%2Fv2%2Fcomments&post=41226"}],"version-history":[{"count":0,"href":"https:\/\/diariodominicano.com\/index.php?rest_route=\/wp\/v2\/posts\/41226\/revisions"}],"wp:attachment":[{"href":"https:\/\/diariodominicano.com\/index.php?rest_route=%2Fwp%2Fv2%2Fmedia&parent=41226"}],"wp:term":[{"taxonomy":"category","embeddable":true,"href":"https:\/\/diariodominicano.com\/index.php?rest_route=%2Fwp%2Fv2%2Fcategories&post=41226"},{"taxonomy":"post_tag","embeddable":true,"href":"https:\/\/diariodominicano.com\/index.php?rest_route=%2Fwp%2Fv2%2Ftags&post=41226"}],"curies":[{"name":"wp","href":"https:\/\/api.w.org\/{rel}","templated":true}]}}