{"id":412174,"date":"2023-01-26T13:33:01","date_gmt":"2023-01-26T17:33:01","guid":{"rendered":"http:\/\/diariodominicano.com\/?p=412174"},"modified":"2023-01-26T13:33:01","modified_gmt":"2023-01-26T17:33:01","slug":"feflas-llama-a-duarte-el-mejor-influenciador-de-las-mejores-causas-de-nuestro-pais","status":"publish","type":"post","link":"https:\/\/diariodominicano.com\/?p=412174","title":{"rendered":"FEFLAS llama a Duarte el mejor influenciador de las mejores causas de nuestro pa\u00eds"},"content":{"rendered":"\n<p><\/p>\n\n\n\n<p>SANTO DOMINGO.-El Frente Estudiantil Flavio Suero (Feflas), al conmemorarse el 210 aniversario del natalicio del padre de la patria, Juan Pablo Duarte, exhort\u00f3 a las juventudes dominicanas a tomar su ejemplo como el mejor influenciador de las mejores causas de nuestro pa\u00eds.<\/p>\n\n\n\n<p>El presidente de Feflas, Stalin Mart\u00ednez, sostuvo que Duarte con tan solo 25 a\u00f1os, fund\u00f3 la sociedad secreta la trinitaria, que conspir\u00f3 para derrocar la ocupaci\u00f3n Haitiana que nos manten\u00edan esclavizados y sus ideales independentistas nos otorgaron aquel 27 de febrero de 1844 una Rep\u00fablica libre e independiente de toda dominaci\u00f3n extranjer, por su valent\u00eda y la de cientos de patriotas.<\/p>\n\n\n\n<p>De la misma forma,&nbsp; indic\u00f3 que el pensamiento de Duarte, tiene hoy&nbsp; m\u00e1s vigencia que nunca, cuando resume: \u201cTrabajemos por y para la patria, que es trabajar para nuestros hijos y para nosotros mismos\u201d.<\/p>\n\n\n\n<p>\u00a0Enfatiz\u00f3 que\u00a0 es alarmante que la mayor\u00eda de j\u00f3venes manifiesten que se ir\u00edan del pa\u00eds por la falta de oportunidades laborales, y que urge\u00a0 trabajar pol\u00edticas p\u00fablicas que vayan dirigidas a crear empleos de calidad, manifest\u00f3 el tambi\u00e9n miembro del Comit\u00e9 Pol\u00edtico del Partido Frente Amplio.<\/p>\n\n\n\n<p>FEFLAS 6<a rel=\"noreferrer noopener\" target=\"_blank\" href=\"mailto:flaviosuero@gmail.com\">flaviosuero@gmail.com<\/a><\/p>\n","protected":false},"excerpt":{"rendered":"<p>SANTO DOMINGO.-El Frente Estudiantil Flavio Suero (Feflas), al conmemorarse el 210 aniversario del natalicio del padre de la patria, Juan Pablo Duarte, exhort\u00f3 a las juventudes dominicanas a tomar su ejemplo como el mejor influenciador de las mejores causas de nuestro pa\u00eds. El presidente de Feflas, Stalin Mart\u00ednez, sostuvo que Duarte con tan solo 25 [&hellip;]<\/p>\n","protected":false},"author":28,"featured_media":412175,"comment_status":"closed","ping_status":"","sticky":true,"template":"","format":"standard","meta":{"footnotes":""},"categories":[26,22,27],"tags":[],"class_list":["post-412174","post","type-post","status-publish","format-standard","has-post-thumbnail","hentry","category-efemerides","category-politica","category-portada"],"_links":{"self":[{"href":"https:\/\/diariodominicano.com\/index.php?rest_route=\/wp\/v2\/posts\/412174","targetHints":{"allow":["GET"]}}],"collection":[{"href":"https:\/\/diariodominicano.com\/index.php?rest_route=\/wp\/v2\/posts"}],"about":[{"href":"https:\/\/diariodominicano.com\/index.php?rest_route=\/wp\/v2\/types\/post"}],"author":[{"embeddable":true,"href":"https:\/\/diariodominicano.com\/index.php?rest_route=\/wp\/v2\/users\/28"}],"replies":[{"embeddable":true,"href":"https:\/\/diariodominicano.com\/index.php?rest_route=%2Fwp%2Fv2%2Fcomments&post=412174"}],"version-history":[{"count":1,"href":"https:\/\/diariodominicano.com\/index.php?rest_route=\/wp\/v2\/posts\/412174\/revisions"}],"predecessor-version":[{"id":412176,"href":"https:\/\/diariodominicano.com\/index.php?rest_route=\/wp\/v2\/posts\/412174\/revisions\/412176"}],"wp:featuredmedia":[{"embeddable":true,"href":"https:\/\/diariodominicano.com\/index.php?rest_route=\/wp\/v2\/media\/412175"}],"wp:attachment":[{"href":"https:\/\/diariodominicano.com\/index.php?rest_route=%2Fwp%2Fv2%2Fmedia&parent=412174"}],"wp:term":[{"taxonomy":"category","embeddable":true,"href":"https:\/\/diariodominicano.com\/index.php?rest_route=%2Fwp%2Fv2%2Fcategories&post=412174"},{"taxonomy":"post_tag","embeddable":true,"href":"https:\/\/diariodominicano.com\/index.php?rest_route=%2Fwp%2Fv2%2Ftags&post=412174"}],"curies":[{"name":"wp","href":"https:\/\/api.w.org\/{rel}","templated":true}]}}