{"id":412162,"date":"2023-01-26T12:40:44","date_gmt":"2023-01-26T16:40:44","guid":{"rendered":"http:\/\/diariodominicano.com\/?p=412162"},"modified":"2023-01-26T12:40:44","modified_gmt":"2023-01-26T16:40:44","slug":"policia-nacional-recupera-dos-vehiculos-y-detiene-una-persona-por-robo-en-santiago","status":"publish","type":"post","link":"https:\/\/diariodominicano.com\/?p=412162","title":{"rendered":"Polic\u00eda Nacional recupera dos veh\u00edculos y detiene una persona por robo en Santiago"},"content":{"rendered":"\n<p>diariodominicano.com<\/p>\n\n\n\n<p>Santiago, R.D. 26 de Enero del 2023.-Agentes de la Divisi\u00f3n de Veh\u00edculos Robados recuperaron dos \u00a0veh\u00edculos \u00a0 que hab\u00edan \u00a0sido reportados \u00a0como sustra\u00eddos a sus propietarios y adem\u00e1s apresaron una persona mediante orden de arresto por robo en Santiago<br><br>Entre los \u00a0veh\u00edculos \u00a0recuperados figura la camioneta marca Nissan TK80FEDH, color verde, placa \u00a0S-005799, chasis No. TK80F40769, la misma \u00a0al ser depurada en nuestro sistema presenta denuncia No. 24419, de fecha 24-10-1998, interpuesta por \u00a0el se\u00f1or Jos\u00e9 \u00a0Guzm\u00e1n Marte.<\/p>\n\n\n\n<p>Del mismo modo, fue recuperada la motocicleta marca X1000, modelo CG125, color rojo, placa N370728, chasis No. Lf3pcj5056b017153, denunciada &nbsp;como robada en fecha 16-01-2023.<\/p>\n\n\n\n<p>Adem\u00e1s fue detenido Yeury de Jes\u00fas Tav\u00e1rez Inoa, alias Cherokee, &nbsp;34 a\u00f1os, mediante orden de arresto No. 00409-2023, por presunta violaci\u00f3n al art\u00edculo 379 del C\u00f3digo Penal Dominicano, momentos en que transitaba a bordo de la motocicleta marca Sucaty, modelo CG150, color rojo, chasis LBEJLX24TMA203753, por la Carretera Tur\u00edstica de Gurabo.<br><br>En cuanto a los &nbsp;veh\u00edculos &nbsp;recuperados y el detenido se encuentran en los departamentos correspondientes para fines de ley.<\/p>\n\n\n\n<p>Fuente:  OFICINA DE INFORMACI\u00d3N Y COMUNICACIONES ESTRAT\u00c9GICAS DIRECCI\u00d3N REGIONAL CIBAO CENTRAL DE LA POLIC\u00cdA NACIONAL<\/p>\n","protected":false},"excerpt":{"rendered":"<p>diariodominicano.com Santiago, R.D. 26 de Enero del 2023.-Agentes de la Divisi\u00f3n de Veh\u00edculos Robados recuperaron dos \u00a0veh\u00edculos \u00a0 que hab\u00edan \u00a0sido reportados \u00a0como sustra\u00eddos a sus propietarios y adem\u00e1s apresaron una persona mediante orden de arresto por robo en Santiago Entre los \u00a0veh\u00edculos \u00a0recuperados figura la camioneta marca Nissan TK80FEDH, color verde, placa \u00a0S-005799, chasis [&hellip;]<\/p>\n","protected":false},"author":5,"featured_media":412163,"comment_status":"closed","ping_status":"","sticky":true,"template":"","format":"standard","meta":{"footnotes":""},"categories":[29,27],"tags":[],"class_list":["post-412162","post","type-post","status-publish","format-standard","has-post-thumbnail","hentry","category-policiasucesos","category-portada"],"_links":{"self":[{"href":"https:\/\/diariodominicano.com\/index.php?rest_route=\/wp\/v2\/posts\/412162","targetHints":{"allow":["GET"]}}],"collection":[{"href":"https:\/\/diariodominicano.com\/index.php?rest_route=\/wp\/v2\/posts"}],"about":[{"href":"https:\/\/diariodominicano.com\/index.php?rest_route=\/wp\/v2\/types\/post"}],"author":[{"embeddable":true,"href":"https:\/\/diariodominicano.com\/index.php?rest_route=\/wp\/v2\/users\/5"}],"replies":[{"embeddable":true,"href":"https:\/\/diariodominicano.com\/index.php?rest_route=%2Fwp%2Fv2%2Fcomments&post=412162"}],"version-history":[{"count":1,"href":"https:\/\/diariodominicano.com\/index.php?rest_route=\/wp\/v2\/posts\/412162\/revisions"}],"predecessor-version":[{"id":412164,"href":"https:\/\/diariodominicano.com\/index.php?rest_route=\/wp\/v2\/posts\/412162\/revisions\/412164"}],"wp:featuredmedia":[{"embeddable":true,"href":"https:\/\/diariodominicano.com\/index.php?rest_route=\/wp\/v2\/media\/412163"}],"wp:attachment":[{"href":"https:\/\/diariodominicano.com\/index.php?rest_route=%2Fwp%2Fv2%2Fmedia&parent=412162"}],"wp:term":[{"taxonomy":"category","embeddable":true,"href":"https:\/\/diariodominicano.com\/index.php?rest_route=%2Fwp%2Fv2%2Fcategories&post=412162"},{"taxonomy":"post_tag","embeddable":true,"href":"https:\/\/diariodominicano.com\/index.php?rest_route=%2Fwp%2Fv2%2Ftags&post=412162"}],"curies":[{"name":"wp","href":"https:\/\/api.w.org\/{rel}","templated":true}]}}