{"id":412096,"date":"2023-01-26T08:13:20","date_gmt":"2023-01-26T12:13:20","guid":{"rendered":"http:\/\/diariodominicano.com\/?p=412096"},"modified":"2023-01-26T08:13:20","modified_gmt":"2023-01-26T12:13:20","slug":"la-universidad-de-la-habana-rumbo-de-sus-300-anos","status":"publish","type":"post","link":"https:\/\/diariodominicano.com\/?p=412096","title":{"rendered":"La Universidad de La Habana rumbo de sus 300 a\u00f1os"},"content":{"rendered":"\n<h1 class=\"wp-block-heading\"><\/h1>\n\n\n\n<p>La Habana, 26 ene (Prensa Latina) Una campa\u00f1a comunicacional acompa\u00f1a hoy los festejos por el aniversario 295 de la Universidad de La Habana (UH), iniciativa que dar\u00e1 continuidad despu\u00e9s para homenajear las tres centurias de la academia m\u00e1s antigua de Cuba.&nbsp;&nbsp;&nbsp;&nbsp;<\/p>\n\n\n\n<ul class=\"wp-block-list\"><li>enero 26, 2023<\/li><li>CST00:13 (GMT) -0500<\/li><\/ul>\n\n\n\n<p>A cargo de cuatro estudiantes de tercer a\u00f1o de la carrera Dise\u00f1o Comunicacional del Instituto Superior de Dise\u00f1o (ISDi), el proyecto desarroll\u00f3 un conjunto de piezas comunicativas tanto de audiovisuales como de gr\u00e1fica.<\/p>\n\n\n\n<p>De esa \u00faltima en su conceptualizaci\u00f3n, avalada por el criterio de profesores y otros profesionales, se ofrece un recorrido por varias etapas de la historia de esa casi tricentenaria instituci\u00f3n.<\/p>\n\n\n\n<p>Un grupo de ocho carteles integraron la selecci\u00f3n con una palabra que simboliza y define el momento hist\u00f3rico.<\/p>\n\n\n\n<p>La serie arranca con uno con la imagen actual del centro de altos estudios, calificado de Inquebrantable, para seguir con un segundo que cataloga de Hist\u00f3rica su fundaci\u00f3n en 1719.<\/p>\n\n\n\n<p>En el tercero, el asesinato de los j\u00f3venes estudiantes de medicina en 1871 fue conceptualizado como Trascendental, por su impacto en la sociedad colonial.<\/p>\n\n\n\n<p>Como hecho Audaz fue valorada la fundaci\u00f3n de la Federaci\u00f3n Estudiantil Universitaria bajo la \u00e9gida de Julio Antonio Mella en 1922, as\u00ed como Martiana la primera Marcha de las Antorchas en 1953 para conmemorar el centenario del nacimiento del intelectual y pr\u00f3cer de la independencia Jos\u00e9 Mart\u00ed.<\/p>\n\n\n\n<p>Rebelde fue el apelativo para caracterizar el asalto a la emisora Radio Reloj por un grupo de j\u00f3venes bajo el liderazgo del l\u00edder estudiantil Jos\u00e9 Antonio Echeverr\u00eda en 1957, y dos a\u00f1os despu\u00e9s el triunfo de la Revoluci\u00f3n cubana result\u00f3 un suceso En\u00e9rgico.<\/p>\n\n\n\n<p>Cercano a nuestros d\u00edas es la participaci\u00f3n de sus estudiantes universitarios en la contenci\u00f3n de la pandemia de la Covid-19, desde lo asistencial hasta lo cient\u00edfico, acontecimiento protagonizado por los j\u00f3venes de una manera Consagrada.<\/p>\n\n\n\n<p>Para el vicedecano docente del ISdi, Ernesto Fern\u00e1ndez, lo mas valioso fue la manera de presentar con una mirada fresca y joven un conjunto de hitos de la historia de la UH que tiene un impacto directo con la historia de Cuba. Son hechos cuyo protagonista esencial ha sido la Universidad, subray\u00f3.<\/p>\n\n\n\n<p>Desde el punto de vista de ejercicio acad\u00e9mico, los estudiantes pudieron adentrarse en la UH y su historia y esto es en si mismo un proceso de formaci\u00f3n.<\/p>\n\n\n\n<p>Esos muchachos que participaron aprendieron m\u00e1s de la historia de su pa\u00eds, tuvieron la oportunidad de intercambiar con profesores de mucha experiencia quienes trasmitieron vivencias, dijo Fern\u00e1ndez.<\/p>\n\n\n\n<p>Fue un trabajo muy enriquecedor desde el punto de vista patri\u00f3tico, pero tambi\u00e9n desde el conocimiento y la sensibilidad, resalt\u00f3.<\/p>\n\n\n\n<p>Adelant\u00f3 el acad\u00e9mico que con vistas al aniversario 300 se trabajan dos grandes ideas: una de ellas el redise\u00f1o de la estrategia de comunicaci\u00f3n visual de la UH, repensar sus signos de identificaci\u00f3n, instituciones, facultades, centros de estudio, proyecto muy ambicioso de varias etapas.<\/p>\n\n\n\n<p>La UH llegar\u00e1 a sus 300 a\u00f1os con una imagen m\u00e1s acorde a estos tiempos, asegur\u00f3.<\/p>\n\n\n\n<p>jf\/alb<\/p>\n","protected":false},"excerpt":{"rendered":"<p>La Habana, 26 ene (Prensa Latina) Una campa\u00f1a comunicacional acompa\u00f1a hoy los festejos por el aniversario 295 de la Universidad de La Habana (UH), iniciativa que dar\u00e1 continuidad despu\u00e9s para homenajear las tres centurias de la academia m\u00e1s antigua de Cuba.&nbsp;&nbsp;&nbsp;&nbsp; enero 26, 2023 CST00:13 (GMT) -0500 A cargo de cuatro estudiantes de tercer a\u00f1o [&hellip;]<\/p>\n","protected":false},"author":28,"featured_media":412098,"comment_status":"closed","ping_status":"open","sticky":false,"template":"","format":"standard","meta":{"footnotes":""},"categories":[21,36,26,23],"tags":[],"class_list":["post-412096","post","type-post","status-publish","format-standard","has-post-thumbnail","hentry","category-cultura","category-hombresmujeresycosas","category-efemerides","category-internacional"],"_links":{"self":[{"href":"https:\/\/diariodominicano.com\/index.php?rest_route=\/wp\/v2\/posts\/412096","targetHints":{"allow":["GET"]}}],"collection":[{"href":"https:\/\/diariodominicano.com\/index.php?rest_route=\/wp\/v2\/posts"}],"about":[{"href":"https:\/\/diariodominicano.com\/index.php?rest_route=\/wp\/v2\/types\/post"}],"author":[{"embeddable":true,"href":"https:\/\/diariodominicano.com\/index.php?rest_route=\/wp\/v2\/users\/28"}],"replies":[{"embeddable":true,"href":"https:\/\/diariodominicano.com\/index.php?rest_route=%2Fwp%2Fv2%2Fcomments&post=412096"}],"version-history":[{"count":1,"href":"https:\/\/diariodominicano.com\/index.php?rest_route=\/wp\/v2\/posts\/412096\/revisions"}],"predecessor-version":[{"id":412099,"href":"https:\/\/diariodominicano.com\/index.php?rest_route=\/wp\/v2\/posts\/412096\/revisions\/412099"}],"wp:featuredmedia":[{"embeddable":true,"href":"https:\/\/diariodominicano.com\/index.php?rest_route=\/wp\/v2\/media\/412098"}],"wp:attachment":[{"href":"https:\/\/diariodominicano.com\/index.php?rest_route=%2Fwp%2Fv2%2Fmedia&parent=412096"}],"wp:term":[{"taxonomy":"category","embeddable":true,"href":"https:\/\/diariodominicano.com\/index.php?rest_route=%2Fwp%2Fv2%2Fcategories&post=412096"},{"taxonomy":"post_tag","embeddable":true,"href":"https:\/\/diariodominicano.com\/index.php?rest_route=%2Fwp%2Fv2%2Ftags&post=412096"}],"curies":[{"name":"wp","href":"https:\/\/api.w.org\/{rel}","templated":true}]}}