{"id":41204,"date":"2019-11-19T22:06:01","date_gmt":"2019-11-19T22:06:01","guid":{"rendered":"http:\/\/diariodominicano.ddns.net\/?p=41204"},"modified":"2019-11-19T22:06:01","modified_gmt":"2019-11-19T22:06:01","slug":"a-pleno-sollibertad-de-expresion-2","status":"publish","type":"post","link":"https:\/\/diariodominicano.com\/?p=41204","title":{"rendered":"A Pleno Sol&#13;&#13;Libertad de expresi\u00f3n"},"content":{"rendered":"<p><body><\/p>\n<p>A Pleno Sol<\/p>\n<\/p>\n<p>Libertad de expresi\u00f3n<\/p>\n<p><strong>Por Manuel Hern\u00e1ndez Villeta<\/strong><\/p>\n<\/p>\n<\/p>\n<p>En el mundo convulso de hoy, para muchos es dif\u00edcil mantener la imparcialidad y la objetividad. Las dos cosas existen. Se es imparcial cuando  toca escribir sobre un hecho donde no tiene simpat\u00edas ni participaci\u00f3n. Se puede ser objetivo y no imparcial. Lo importante es que usted no caiga en la autocensura.<\/p>\n<\/p>\n<p>Cuando se le pone una cremallera a su voz y usted se calla ante los problemas sociales, comete el peor de los pecados. Est\u00e1 doblando las rodillas, y deja a un lado lo que podr\u00eda ser la capacidad de lucha. Cuando se inclina la cabeza ante el poderoso, todo est\u00e1 perdido.<\/p>\n<\/p>\n<p>Siempre debe estar f\u00e9rrea, vertical,  la capacidad de lucha. En ocasiones es estar solo contra la tormenta. Es como pisar terreno fangoso utilizando un caminito estrecho de piedras. Si se inclina a la derecha o a la izquierda, se va a caer.<\/p>\n<\/p>\n<p>En el manejo de las informaciones no se puede tener anteojeras. Hay que mirar para todos los  lados, buscar el origen de los conflictos y formarse ideas propias. Callar la libertad de expresi\u00f3n es matar  la verdad.<\/p>\n<\/p>\n<p>Cuando  se quiera acorralar  la libre expresi\u00f3n del pensamiento, se da un salto  hacia el silencio total. Cuando solo se escucha la voz de los corifeos, muri\u00f3 la conciencia. De ah\u00ed que hoy m\u00e1s que nunca es necesario reivindicar el derecho a la libre expresi\u00f3n del pensamiento.<\/p>\n<\/p>\n<p>La marcha de la tecnolog\u00eda hace hoy casi imposible que pueda haber censura total. Las redes informativas son casi imposibles de controlar en los aspectos t\u00e9cnicos, pero si por el miedo o el soborno de sus protagonistas.<\/p>\n<\/p>\n<p>El que escribe y fija posiciones siempre est\u00e1 al borde de la navaja. Corre el riesgo que en cada palabra, la cuchilla le presione el cuello. Al escribir de conciencia, nada seguir\u00e1 siendo igual. Har\u00e1 amigos y enemigos, seguidores y contradictores.<\/p>\n<\/p>\n<p>Comenc\u00e9 el ejercicio del periodismo en \u00e9poca en que se corr\u00eda peligro de por lo menos ser apaleado por externar p\u00fablicamente sus opiniones. Los cambios pol\u00edticos tambi\u00e9n trajeron variantes en la comunicaci\u00f3n.<\/p>\n<\/p>\n<p>Pero nunca  han variado las presiones para el libre ejercicio de un periodismo libre e independiente. Los grandes medios pueden navegar, pero la lucha por el diario subsistir es sumamente dif\u00edcil para los periodistas, sobre todo para los que ejercen de forma  individual, fuera de las grandes redacciones.<\/p>\n<\/p>\n<p>Presiones que pueden ir desde un anuncio que se retira, y la carencia de fondos para pagar la mensualidad del programa. Por suerte, ahora mismo estamos viviendo una etapa de libre expresi\u00f3n del pensamiento, donde conociendo los riesgos, usted puede decir lo que le venga en gana. \u00a1Ay!, se me acab\u00f3 la tinta.<\/p>\n<h6> 2019-11-19 22:06:01 <\/h6>\n<p><!--\n<link rel=\"stylesheet\" href=\"css\/bootstrap.min.css\">\n\n\n<ul class=\"pagination\">\n\t    \n\t\n\n<li >\n\t<a href='?page_no=433'>Previous<\/a>\n\t<\/li>\n\n\n       \n    \n\n<li><a href='?page_no=1'>1<\/a><\/li>\n\n\n\n<li><a href='?page_no=2'>2<\/a><\/li>\n\n\n\n<li><a>...<\/a><\/li>\n\n\n\n<li><a href='?page_no=432'>432<\/a><\/li>\n\n\n\n<li><a href='?page_no=433'>433<\/a><\/li>\n\n\n\n<li class='active'><a>434<\/a><\/li>\n\n\n\n<li><a href='?page_no=435'>435<\/a><\/li>\n\n\n\n<li><a href='?page_no=436'>436<\/a><\/li>\n\n\n\n<li><a>...<\/a><\/li>\n\n\n\n<li><a href='?page_no=13611'>13611<\/a><\/li>\n\n\n\n<li><a href='?page_no=13612'>13612<\/a><\/li>\n\n    \n\t\n\n<li >\n\t<a href='?page_no=435'>Next<\/a>\n\t<\/li>\n\n\n    \n\n<li><a href='?page_no=13612'>Last &rsaquo;&rsaquo;<\/a><\/li>\n\n<\/ul>\n\n\n--><br \/>\n<\/body><\/p>\n","protected":false},"excerpt":{"rendered":"<p>A Pleno Sol Libertad de expresi\u00f3n Por Manuel Hern\u00e1ndez Villeta En el mundo convulso de hoy, para muchos es dif\u00edcil mantener la imparcialidad y la objetividad. Las dos cosas existen. Se es imparcial cuando toca escribir sobre un hecho donde no tiene simpat\u00edas ni participaci\u00f3n. Se puede ser objetivo y no imparcial. Lo importante es [&hellip;]<\/p>\n","protected":false},"author":3,"featured_media":0,"comment_status":"open","ping_status":"open","sticky":false,"template":"","format":"standard","meta":{"footnotes":""},"categories":[16],"tags":[],"class_list":["post-41204","post","type-post","status-publish","format-standard","hentry","category-opiniones"],"_links":{"self":[{"href":"https:\/\/diariodominicano.com\/index.php?rest_route=\/wp\/v2\/posts\/41204","targetHints":{"allow":["GET"]}}],"collection":[{"href":"https:\/\/diariodominicano.com\/index.php?rest_route=\/wp\/v2\/posts"}],"about":[{"href":"https:\/\/diariodominicano.com\/index.php?rest_route=\/wp\/v2\/types\/post"}],"author":[{"embeddable":true,"href":"https:\/\/diariodominicano.com\/index.php?rest_route=\/wp\/v2\/users\/3"}],"replies":[{"embeddable":true,"href":"https:\/\/diariodominicano.com\/index.php?rest_route=%2Fwp%2Fv2%2Fcomments&post=41204"}],"version-history":[{"count":0,"href":"https:\/\/diariodominicano.com\/index.php?rest_route=\/wp\/v2\/posts\/41204\/revisions"}],"wp:attachment":[{"href":"https:\/\/diariodominicano.com\/index.php?rest_route=%2Fwp%2Fv2%2Fmedia&parent=41204"}],"wp:term":[{"taxonomy":"category","embeddable":true,"href":"https:\/\/diariodominicano.com\/index.php?rest_route=%2Fwp%2Fv2%2Fcategories&post=41204"},{"taxonomy":"post_tag","embeddable":true,"href":"https:\/\/diariodominicano.com\/index.php?rest_route=%2Fwp%2Fv2%2Ftags&post=41204"}],"curies":[{"name":"wp","href":"https:\/\/api.w.org\/{rel}","templated":true}]}}