{"id":411881,"date":"2023-01-25T18:05:49","date_gmt":"2023-01-25T22:05:49","guid":{"rendered":"http:\/\/diariodominicano.com\/?p=411881"},"modified":"2023-01-25T18:06:14","modified_gmt":"2023-01-25T22:06:14","slug":"fiscalia-de-santiago-solicita-prision-preventiva-contra-dos-hombres-que-traficaban-con-16-indocumentados-a-bordo-de-una-yipeta","status":"publish","type":"post","link":"https:\/\/diariodominicano.com\/?p=411881","title":{"rendered":"Fiscal\u00eda de Santiago solicita prisi\u00f3n preventiva contra dos hombres que traficaban con 16 indocumentados a bordo de una yipeta"},"content":{"rendered":"\n<p> La instancia de solicitud de medidas establece que V\u00edctor Jos\u00e9 Valenzuela Ortiz y Ronny Gabriel Santana Rosa fueron sorprendidos traficando con los inmigrantes, incluyendo dos menores de edad, que no cuentan con la documentaci\u00f3n de identidad necesaria para permanecer en el pa\u00eds.\u00a0 <\/p>\n\n\n\n<p>SANTIAGO, Rep\u00fablica Dominicana.- La Fiscal\u00eda de Santiago solicit\u00f3 a la Oficina Judicial de Servicios de Atenci\u00f3n Permanente que imponga la prisi\u00f3n preventiva a dos hombres apresados en flagrancia cuando traficaban con 16 indocumentados de nacionalidad haitiana, a quienes transportaban a bordo de una yipeta Ford Explorer por el municipio San Jos\u00e9 de las Matas.\u00a0<\/p>\n\n\n\n<p>La instancia de solicitud de medidas establece que V\u00edctor Jos\u00e9 Valenzuela Ortiz y Ronny Gabriel Santana Rosa fueron sorprendidos traficando con los inmigrantes, incluyendo dos menores de edad, que no cuentan con la documentaci\u00f3n de identidad necesaria para permanecer en el pa\u00eds.&nbsp;<\/p>\n\n\n\n<p>Los detalles de los hechos refieren que los imputados conduc\u00edan por calles de la comunidad Caobanico Inoa, en El Rubio, municipio San Jos\u00e9 de las Matas, cuando una patrulla de la Polic\u00eda Nacional les orden\u00f3 detenerse, lo cual ignoraron, emprendiendo la huida, lo que origin\u00f3 una persecuci\u00f3n que dio con su captura.&nbsp;<\/p>\n\n\n\n<p>Al alcanzar al veh\u00edculo, las autoridades descubrieron a los 16 indocumentados, api\u00f1ados en su interior.&nbsp;<\/p>\n\n\n\n<p>Dentro del auto, los agentes tambi\u00e9n encontraron 15 bultos, en los cuales hab\u00eda pertenencias personales de los inmigrantes.&nbsp;<\/p>\n\n\n\n<p>V\u00edctor Jos\u00e9 Valenzuela Ortiz y Ronny Gabriel Santana Rosa se enfrentan a cargos penales por violaci\u00f3n a los art\u00edculos 1, letra F, y 2 de la Ley 137-03, sobre Tr\u00e1fico Il\u00edcito de Migrantes y Trata de Personas.&nbsp;<\/p>\n\n\n\n<p>El representante del Ministerio P\u00fablico, Juan Osvaldo Garc\u00eda, director del Departamento de Trata y Tr\u00e1fico de la Fiscal\u00eda y fiscal investigador, solicit\u00f3 al tribunal que imponga tres meses de privaci\u00f3n de la libertad a los dos hombres.&nbsp;<\/p>\n\n\n\n<p>La Fiscal\u00eda de Santiago sostiene que el tr\u00e1fico y la trata de personas constituyen delitos graves que atentan contra la vida y la dignidad de las v\u00edctimas, por lo que reitera su compromiso de perseguirlo y procurar sanciones.<\/p>\n\n\n\n<p><strong>Direcci\u00f3n de Comunicaci\u00f3n y Prensa<\/strong><\/p>\n\n\n\n<p><strong>Procuradur\u00eda General-Ministerio P\u00fablico RD<\/strong><\/p>\n\n\n\n<p><strong>Mi\u00e9rcoles, 25 de enero de 2023.<\/strong><\/p>\n","protected":false},"excerpt":{"rendered":"<p>La instancia de solicitud de medidas establece que V\u00edctor Jos\u00e9 Valenzuela Ortiz y Ronny Gabriel Santana Rosa fueron sorprendidos traficando con los inmigrantes, incluyendo dos menores de edad, que no cuentan con la documentaci\u00f3n de identidad necesaria para permanecer en el pa\u00eds.\u00a0 SANTIAGO, Rep\u00fablica Dominicana.- La Fiscal\u00eda de Santiago solicit\u00f3 a la Oficina Judicial de [&hellip;]<\/p>\n","protected":false},"author":28,"featured_media":302166,"comment_status":"closed","ping_status":"","sticky":true,"template":"","format":"standard","meta":{"footnotes":""},"categories":[24,29,27],"tags":[],"class_list":["post-411881","post","type-post","status-publish","format-standard","has-post-thumbnail","hentry","category-justicia-y-derecho","category-policiasucesos","category-portada"],"_links":{"self":[{"href":"https:\/\/diariodominicano.com\/index.php?rest_route=\/wp\/v2\/posts\/411881","targetHints":{"allow":["GET"]}}],"collection":[{"href":"https:\/\/diariodominicano.com\/index.php?rest_route=\/wp\/v2\/posts"}],"about":[{"href":"https:\/\/diariodominicano.com\/index.php?rest_route=\/wp\/v2\/types\/post"}],"author":[{"embeddable":true,"href":"https:\/\/diariodominicano.com\/index.php?rest_route=\/wp\/v2\/users\/28"}],"replies":[{"embeddable":true,"href":"https:\/\/diariodominicano.com\/index.php?rest_route=%2Fwp%2Fv2%2Fcomments&post=411881"}],"version-history":[{"count":2,"href":"https:\/\/diariodominicano.com\/index.php?rest_route=\/wp\/v2\/posts\/411881\/revisions"}],"predecessor-version":[{"id":411883,"href":"https:\/\/diariodominicano.com\/index.php?rest_route=\/wp\/v2\/posts\/411881\/revisions\/411883"}],"wp:featuredmedia":[{"embeddable":true,"href":"https:\/\/diariodominicano.com\/index.php?rest_route=\/wp\/v2\/media\/302166"}],"wp:attachment":[{"href":"https:\/\/diariodominicano.com\/index.php?rest_route=%2Fwp%2Fv2%2Fmedia&parent=411881"}],"wp:term":[{"taxonomy":"category","embeddable":true,"href":"https:\/\/diariodominicano.com\/index.php?rest_route=%2Fwp%2Fv2%2Fcategories&post=411881"},{"taxonomy":"post_tag","embeddable":true,"href":"https:\/\/diariodominicano.com\/index.php?rest_route=%2Fwp%2Fv2%2Ftags&post=411881"}],"curies":[{"name":"wp","href":"https:\/\/api.w.org\/{rel}","templated":true}]}}