{"id":411789,"date":"2023-01-25T07:59:39","date_gmt":"2023-01-25T11:59:39","guid":{"rendered":"http:\/\/diariodominicano.com\/?p=411789"},"modified":"2023-01-25T08:00:18","modified_gmt":"2023-01-25T12:00:18","slug":"murio-el-poeta-oscar-vigil-diaz","status":"publish","type":"post","link":"https:\/\/diariodominicano.com\/?p=411789","title":{"rendered":"Muri\u00f3 el poeta Oscar Vigil D\u00edaz"},"content":{"rendered":"\n<p>Por  HTN<\/p>\n\n\n\n<p>Diariodominicano.com<\/p>\n\n\n\n<p><\/p>\n\n\n\n<p>SANTO DOMINGO, \u00a0el 25 de enero de 1961, muri\u00f3 en la ciudad  Santo Domingo, el poeta Oscar Vigil D\u00edaz.<\/p>\n\n\n\n<p>\u00a0\u00a0\u00a0 Naci\u00f3 en la ciudad de Santo Domingo en \u00a01880. Es el creador del Vedhrinismo.<\/p>\n\n\n\n<p>&nbsp;&nbsp;&nbsp;&nbsp; En opini\u00f3n del doctor Joaqu\u00edn Balaguer, Oscar Vigil D\u00edaz fue un poeta l\u00edrico y prosista de acento inconfundible, cuya tendencia po\u00e9tica se caracteriza por el abuso del tropo altisonante en estrofas lib\u00e9rrimas, llenas de frases felices y a veces rebuscadas.<\/p>\n\n\n\n<p>&nbsp;&nbsp;&nbsp; Tambi\u00e9n entiende que se le puede reputar como un precursor del Postumismo, la escuela fundada por el poeta Domingo Moreno Jimenes.<\/p>\n\n\n\n<p>\u00a0\u00a0 Entre las obras de Oscar Vigil D\u00edaz figuran G\u00f3ndolas, 1912,\u00a0 y Galeras de Pafos, 1927, as\u00ed como un anecdotario con el t\u00edtulo \u201cLil\u00eds y Alejandrito\u201d, publicado en 1956.<\/p>\n\n\n\n<p>Diariodominicano.com<\/p>\n\n\n\n<p>Efem\u00e9rides<\/p>\n","protected":false},"excerpt":{"rendered":"<p>Por HTN Diariodominicano.com SANTO DOMINGO, \u00a0el 25 de enero de 1961, muri\u00f3 en la ciudad Santo Domingo, el poeta Oscar Vigil D\u00edaz. \u00a0\u00a0\u00a0 Naci\u00f3 en la ciudad de Santo Domingo en \u00a01880. Es el creador del Vedhrinismo. &nbsp;&nbsp;&nbsp;&nbsp; En opini\u00f3n del doctor Joaqu\u00edn Balaguer, Oscar Vigil D\u00edaz fue un poeta l\u00edrico y prosista de acento [&hellip;]<\/p>\n","protected":false},"author":28,"featured_media":326345,"comment_status":"closed","ping_status":"","sticky":true,"template":"","format":"standard","meta":{"footnotes":""},"categories":[21,36,26,27],"tags":[],"class_list":["post-411789","post","type-post","status-publish","format-standard","has-post-thumbnail","hentry","category-cultura","category-hombresmujeresycosas","category-efemerides","category-portada"],"_links":{"self":[{"href":"https:\/\/diariodominicano.com\/index.php?rest_route=\/wp\/v2\/posts\/411789","targetHints":{"allow":["GET"]}}],"collection":[{"href":"https:\/\/diariodominicano.com\/index.php?rest_route=\/wp\/v2\/posts"}],"about":[{"href":"https:\/\/diariodominicano.com\/index.php?rest_route=\/wp\/v2\/types\/post"}],"author":[{"embeddable":true,"href":"https:\/\/diariodominicano.com\/index.php?rest_route=\/wp\/v2\/users\/28"}],"replies":[{"embeddable":true,"href":"https:\/\/diariodominicano.com\/index.php?rest_route=%2Fwp%2Fv2%2Fcomments&post=411789"}],"version-history":[{"count":2,"href":"https:\/\/diariodominicano.com\/index.php?rest_route=\/wp\/v2\/posts\/411789\/revisions"}],"predecessor-version":[{"id":411791,"href":"https:\/\/diariodominicano.com\/index.php?rest_route=\/wp\/v2\/posts\/411789\/revisions\/411791"}],"wp:featuredmedia":[{"embeddable":true,"href":"https:\/\/diariodominicano.com\/index.php?rest_route=\/wp\/v2\/media\/326345"}],"wp:attachment":[{"href":"https:\/\/diariodominicano.com\/index.php?rest_route=%2Fwp%2Fv2%2Fmedia&parent=411789"}],"wp:term":[{"taxonomy":"category","embeddable":true,"href":"https:\/\/diariodominicano.com\/index.php?rest_route=%2Fwp%2Fv2%2Fcategories&post=411789"},{"taxonomy":"post_tag","embeddable":true,"href":"https:\/\/diariodominicano.com\/index.php?rest_route=%2Fwp%2Fv2%2Ftags&post=411789"}],"curies":[{"name":"wp","href":"https:\/\/api.w.org\/{rel}","templated":true}]}}