{"id":41171,"date":"2019-11-21T20:44:16","date_gmt":"2019-11-21T20:44:16","guid":{"rendered":"http:\/\/diariodominicano.ddns.net\/?p=41171"},"modified":"2019-11-21T20:44:16","modified_gmt":"2019-11-21T20:44:16","slug":"una-elevada-deuda-social","status":"publish","type":"post","link":"https:\/\/diariodominicano.com\/?p=41171","title":{"rendered":"UNA ELEVADA DEUDA SOCIAL"},"content":{"rendered":"<p><body><\/p>\n<p>EN PRIMERA FILA<\/p>\n<\/p>\n<p>UNA ELEVADA DEUDA SOCIAL<\/p>\n<p><strong>Mario Rivadulla<\/strong><\/p>\n<\/p>\n<p>A comienzos de semana se dio a la luz p\u00fablica el informe de UNICEF poniendo al\u00a0desnudo las elevadas cifras que registra el pa\u00eds en<\/p>\n<p>mortalidad infantil, en particular neo-natal y de madres parturientas, as\u00ed como de matrimonios y uniones extramatrimoniales antes de los 18 y<\/p>\n<p>15 a\u00f1os, donde ocupamos los primeros lugares en la regi\u00f3n y el continente.<\/p>\n<\/p>\n<p>Ahora, casi a rengl\u00f3n seguido,\u00a0con motivo de mediar treinta a\u00f1os de que se aprobara y diera a conocer la Convenci\u00f3n sobre los Derechos del Ni\u00f1o, la Coalici\u00f3n ONG por la Infancia llaman la atenci\u00f3n del Estado y de toda la sociedad sobre lo que califican con sobradas razones y apoyo de<\/p>\n<p>contundentes estad\u00edsticas la elevada deuda social que seguimos arrastrando en este sentido.<\/p>\n<\/p>\n<p>Integrada por m\u00e1s de veinticinco asociaciones de la sociedad civil que comparten similar preocupaci\u00f3n por el destino de la ni\u00f1ez dominicana,<\/p>\n<p>la Coalici\u00f3n cuantifica el impresionante alcance de la deuda. Los datos no pueden ser m\u00e1s reveladores. Veamos.<\/p>\n<p>La mortalidad infantil se sit\u00faa en 23 decesos por cada mil ni\u00f1os nacidos<\/p>\n<p>vivos antes de alcanzar los 28 d\u00edas, una tasa que seg\u00fan expresa nos<\/p>\n<p>coloca en el mismo nivel de los pa\u00edses africanos, el continente m\u00e1s<\/p>\n<p>carenciado del mundo. La desnutrici\u00f3n infantil cr\u00f3nica, es decir<\/p>\n<p>persistente, si bien ha registrado alguna mejor\u00eda, todav\u00eda se sit\u00faa en un 7<\/p>\n<p>por ciento, o sea, afectando a siete de cada cien ni\u00f1os.<\/p>\n<p>Esto es solo parte de un panorama mucho m\u00e1s amplio que incluye el<\/p>\n<p>hecho de que una cuarta parte de la poblaci\u00f3n, cerca de tres millones de<\/p>\n<p>habitantes, incluyendo los ni\u00f1os, carece de acceso al agua, lo que nos<\/p>\n<p>sit\u00faa dentro de este ranking negativo en el puesto diez de once pa\u00edses<\/p>\n<p>evaluados en la regi\u00f3n y el continente. En el rango de 12 a 23 meses de<\/p>\n<p>edad, el esquema completo de vacunaci\u00f3n infantil para prevenir<\/p>\n<\/p>\n<p>enfermedades infecciosas alcanza apenas al 53 por ciento, escasamente poco m\u00e1s de la mitad del total.<\/p>\n<\/p>\n<p>Uno de los m\u00e1s serios problemas que afecta a nuestra ni\u00f1ez y en no pocos casos deforma su normal proceso de educaci\u00f3n y futuro comportamiento en la edad adulta es la violencia intrafamiliar, que se manifiesta en mayor medida en los castigos f\u00edsicos y emocionales que sufren como medidas disciplinarias que tiene lugar en un 63 por ciento de los hogares.<\/p>\n<\/p>\n<p>Es igualmente elevada la tasa de casos de abuso sexual, que afecta sobre todo a las ni\u00f1as en ocho de cada diez.<\/p>\n<\/p>\n<p>Pese al mayor inter\u00e9s puesto en la educaci\u00f3n a partir de la aplicaci\u00f3n del cuatro por ciento, todav\u00eda alrededor de medio mill\u00f3n de ni\u00f1os de ambos sexos siguen al margen del sistema escolar. Y no obstante estar expresamente prohibido y penalizado el trabajo infantil, un trece por ciento realiza distintas labores, en algunos casos propias de adultos, en vez de asistir a las aulas.<\/p>\n<\/p>\n<p>Si bien la Coalici\u00f3n reconoce que en el pa\u00eds se han hecho algunos avances en materia de garantizar los derechos de la ni\u00f1ez, todav\u00eda mostramos un serio rezago y una cuantiosa deuda reflejada en los anteriores datos.<\/p>\n<\/p>\n<p>Estos nos muestran una realidad que estremece y motiva a profunda preocupaci\u00f3n, urgida de apremiante soluci\u00f3n. Un desaf\u00edo que como consignamos antes corresponde enfrentar y compromete por igual la responsabilidad del gobierno y de la sociedad en conjunto.<\/p>\n<\/p>\n<p>Lo es tanto por elemental sentido humanitario como por garant\u00eda de estabilidad social e institucional.<\/p>\n<h6> 2019-11-21 20:44:16 <\/h6>\n<p><!--\n<link rel=\"stylesheet\" href=\"css\/bootstrap.min.css\">\n\n\n<ul class=\"pagination\">\n\t    \n\t\n\n<li >\n\t<a href='?page_no=430'>Previous<\/a>\n\t<\/li>\n\n\n       \n    \n\n<li><a href='?page_no=1'>1<\/a><\/li>\n\n\n\n<li><a href='?page_no=2'>2<\/a><\/li>\n\n\n\n<li><a>...<\/a><\/li>\n\n\n\n<li><a href='?page_no=429'>429<\/a><\/li>\n\n\n\n<li><a href='?page_no=430'>430<\/a><\/li>\n\n\n\n<li class='active'><a>431<\/a><\/li>\n\n\n\n<li><a href='?page_no=432'>432<\/a><\/li>\n\n\n\n<li><a href='?page_no=433'>433<\/a><\/li>\n\n\n\n<li><a>...<\/a><\/li>\n\n\n\n<li><a href='?page_no=13611'>13611<\/a><\/li>\n\n\n\n<li><a href='?page_no=13612'>13612<\/a><\/li>\n\n    \n\t\n\n<li >\n\t<a href='?page_no=432'>Next<\/a>\n\t<\/li>\n\n\n    \n\n<li><a href='?page_no=13612'>Last &rsaquo;&rsaquo;<\/a><\/li>\n\n<\/ul>\n\n\n--><br \/>\n<\/body><\/p>\n","protected":false},"excerpt":{"rendered":"<p>EN PRIMERA FILA UNA ELEVADA DEUDA SOCIAL Mario Rivadulla A comienzos de semana se dio a la luz p\u00fablica el informe de UNICEF poniendo al\u00a0desnudo las elevadas cifras que registra el pa\u00eds en mortalidad infantil, en particular neo-natal y de madres parturientas, as\u00ed como de matrimonios y uniones extramatrimoniales antes de los 18 y 15 [&hellip;]<\/p>\n","protected":false},"author":3,"featured_media":0,"comment_status":"open","ping_status":"open","sticky":false,"template":"","format":"standard","meta":{"footnotes":""},"categories":[16],"tags":[],"class_list":["post-41171","post","type-post","status-publish","format-standard","hentry","category-opiniones"],"_links":{"self":[{"href":"https:\/\/diariodominicano.com\/index.php?rest_route=\/wp\/v2\/posts\/41171","targetHints":{"allow":["GET"]}}],"collection":[{"href":"https:\/\/diariodominicano.com\/index.php?rest_route=\/wp\/v2\/posts"}],"about":[{"href":"https:\/\/diariodominicano.com\/index.php?rest_route=\/wp\/v2\/types\/post"}],"author":[{"embeddable":true,"href":"https:\/\/diariodominicano.com\/index.php?rest_route=\/wp\/v2\/users\/3"}],"replies":[{"embeddable":true,"href":"https:\/\/diariodominicano.com\/index.php?rest_route=%2Fwp%2Fv2%2Fcomments&post=41171"}],"version-history":[{"count":0,"href":"https:\/\/diariodominicano.com\/index.php?rest_route=\/wp\/v2\/posts\/41171\/revisions"}],"wp:attachment":[{"href":"https:\/\/diariodominicano.com\/index.php?rest_route=%2Fwp%2Fv2%2Fmedia&parent=41171"}],"wp:term":[{"taxonomy":"category","embeddable":true,"href":"https:\/\/diariodominicano.com\/index.php?rest_route=%2Fwp%2Fv2%2Fcategories&post=41171"},{"taxonomy":"post_tag","embeddable":true,"href":"https:\/\/diariodominicano.com\/index.php?rest_route=%2Fwp%2Fv2%2Ftags&post=41171"}],"curies":[{"name":"wp","href":"https:\/\/api.w.org\/{rel}","templated":true}]}}