{"id":411670,"date":"2023-01-24T17:26:26","date_gmt":"2023-01-24T21:26:26","guid":{"rendered":"http:\/\/diariodominicano.com\/?p=411670"},"modified":"2023-01-24T17:26:26","modified_gmt":"2023-01-24T21:26:26","slug":"policia-reporta-captura-de-uno-de-dos-antisociales-tras-asaltar-una-banca-de-loteria-en-santiago","status":"publish","type":"post","link":"https:\/\/diariodominicano.com\/?p=411670","title":{"rendered":"Polic\u00eda reporta captura de uno de dos antisociales tras asaltar una banca de loter\u00eda en Santiago"},"content":{"rendered":"\n<p>Recupera escopeta sustra\u00edda.<\/p>\n\n\n\n<p><strong>Santiago de Los Caballeros, 24 de Enero del 2023<\/strong>&#8211; Fue capturado por miembros de la Polic\u00eda Nacional, uno de dos antisociales luego de ser sorprendido en flagrante delito, tras asaltar y despojar de una escopeta marca Maverick, calibre 12, serie No. MV00546G, a un\u00a0\u00a0empleado de una banca de loter\u00eda en el barrio\u00a0\u00a0Cienfuegos de este municipio, inform\u00f3 el martes la Direcci\u00f3n Regional Cibao Central, Polic\u00eda Nacional.<\/p>\n\n\n\n<p>El prevenido es Alvaro Rodr\u00edguez Acevedo, quien cometi\u00f3 el hecho junto a un tal Yefry quien&nbsp;&nbsp;emprendi\u00f3 la huida, por lo que se hace un llamado a que se entregue.<\/p>\n\n\n\n<p>Indica el informe, que los agentes policiales al ser informado de lo ocurrido, le dieron seguimiento a los desaprensivos, siendo atacados a tiros por Rodr\u00edguez Acevedo, repeliendo estos la agresi\u00f3n, resultado herido y&nbsp;&nbsp;trasladado a un centro de salud bajo custodia policial.<\/p>\n\n\n\n<p>Al momento de su detenci\u00f3n se le ocup\u00f3 la escopeta&nbsp;&nbsp;y una pistola de juguete, las que est\u00e1n en poder &nbsp;del Ministerio P\u00fablico para los fines procedentes.<\/p>\n\n\n\n<p>El detenido&nbsp;&nbsp;al ser depurado en los archivos policiales figura con un registro por robo de fecha 16 de junio del 2022.<\/p>\n\n\n\n<p>En cuanto al herido&nbsp;&nbsp;sea dado de alta,&nbsp;&nbsp;ser\u00e1 puesto a disposici\u00f3n de la justicia.<\/p>\n\n\n\n<p><strong>OFICINA DE INFORMACI\u00d3N Y COMUNICACIONES ESTRAT\u00c9GICAS DIRECCI\u00d3N REGIONAL CIBAO CENTRAL DE LA POLIC\u00cdA NACIONAL.<\/strong><\/p>\n","protected":false},"excerpt":{"rendered":"<p>Recupera escopeta sustra\u00edda. Santiago de Los Caballeros, 24 de Enero del 2023&#8211; Fue capturado por miembros de la Polic\u00eda Nacional, uno de dos antisociales luego de ser sorprendido en flagrante delito, tras asaltar y despojar de una escopeta marca Maverick, calibre 12, serie No. MV00546G, a un\u00a0\u00a0empleado de una banca de loter\u00eda en el barrio\u00a0\u00a0Cienfuegos [&hellip;]<\/p>\n","protected":false},"author":28,"featured_media":411671,"comment_status":"closed","ping_status":"","sticky":true,"template":"","format":"standard","meta":{"footnotes":""},"categories":[29,27],"tags":[],"class_list":["post-411670","post","type-post","status-publish","format-standard","has-post-thumbnail","hentry","category-policiasucesos","category-portada"],"_links":{"self":[{"href":"https:\/\/diariodominicano.com\/index.php?rest_route=\/wp\/v2\/posts\/411670","targetHints":{"allow":["GET"]}}],"collection":[{"href":"https:\/\/diariodominicano.com\/index.php?rest_route=\/wp\/v2\/posts"}],"about":[{"href":"https:\/\/diariodominicano.com\/index.php?rest_route=\/wp\/v2\/types\/post"}],"author":[{"embeddable":true,"href":"https:\/\/diariodominicano.com\/index.php?rest_route=\/wp\/v2\/users\/28"}],"replies":[{"embeddable":true,"href":"https:\/\/diariodominicano.com\/index.php?rest_route=%2Fwp%2Fv2%2Fcomments&post=411670"}],"version-history":[{"count":1,"href":"https:\/\/diariodominicano.com\/index.php?rest_route=\/wp\/v2\/posts\/411670\/revisions"}],"predecessor-version":[{"id":411672,"href":"https:\/\/diariodominicano.com\/index.php?rest_route=\/wp\/v2\/posts\/411670\/revisions\/411672"}],"wp:featuredmedia":[{"embeddable":true,"href":"https:\/\/diariodominicano.com\/index.php?rest_route=\/wp\/v2\/media\/411671"}],"wp:attachment":[{"href":"https:\/\/diariodominicano.com\/index.php?rest_route=%2Fwp%2Fv2%2Fmedia&parent=411670"}],"wp:term":[{"taxonomy":"category","embeddable":true,"href":"https:\/\/diariodominicano.com\/index.php?rest_route=%2Fwp%2Fv2%2Fcategories&post=411670"},{"taxonomy":"post_tag","embeddable":true,"href":"https:\/\/diariodominicano.com\/index.php?rest_route=%2Fwp%2Fv2%2Ftags&post=411670"}],"curies":[{"name":"wp","href":"https:\/\/api.w.org\/{rel}","templated":true}]}}