{"id":411613,"date":"2023-01-24T11:46:22","date_gmt":"2023-01-24T15:46:22","guid":{"rendered":"http:\/\/diariodominicano.com\/?p=411613"},"modified":"2023-01-24T16:02:30","modified_gmt":"2023-01-24T20:02:30","slug":"policia-recupera-sana-y-salva-en-nagua-nina-recien-nacida-robada-en-maternidad-de-los-mina","status":"publish","type":"post","link":"https:\/\/diariodominicano.com\/?p=411613","title":{"rendered":"Polic\u00eda recupera sana y salva en Nagua ni\u00f1a reci\u00e9n nacida raptada en Maternidad San Lorenzo de Los Mina"},"content":{"rendered":"\n<p>diariodominicano.com<\/p>\n\n\n\n<p>Santo Domingo, R. D.,  24 de enero, 2023.-  Tras una intensa b\u00fasqueda e investigaci\u00f3n de unas 72 horas, personal de la Direcci\u00f3n Central de Investigaci\u00f3n (DICRIM) rescat\u00f3 sana y salva en una comunidad de Nagua, provincia Mar\u00eda Trinidad S\u00e1nchez, a una ni\u00f1a reci\u00e9n nacida que fue raptada la madrugada del pasado s\u00e1bado de la sala de postparto del\u00a0Hospital Materno Infantil San Lorenzo de Los Mina, en Santo Domingo Este.<\/p>\n\n\n\n<p>La intervenci\u00f3n fue realizada en una casa ubicada en la calle principal de la comunidad Castillo Cerrej\u00f3n, Nagua, donde se encontr\u00f3 a la ni\u00f1a acostada y totalmente cubierta junto a la presunta autora del hecho, cuya identidad se hace reserva.<\/p>\n\n\n\n<p>Los reportes preliminares indican que los agentes de la DICRIM ten\u00edan diversas informaciones con relaci\u00f3n al caso, incluyendo la versi\u00f3n de que los autores del rapto formaban parte de una peligrosa banda y que estaban fuertemente armados.<\/p>\n\n\n\n<p>En base a esas informaciones y con el respaldo de levantamiento de campo, testimonios y otros elementos, los oficiales de la DICRIM realizaron la incursi\u00f3n en la referida vivienda, desconociendo c\u00f3mo ser\u00edan recibidos por los ocupantes de la misma.<\/p>\n\n\n\n<p>Con relaci\u00f3n al caso, oficiales de la DICRIM han entrevistado a m\u00e1s de 10 personas en busca de informaci\u00f3n que permiti\u00f3 localizar y rescatar a la ni\u00f1a y devolverla a los brazos de su madre.<\/p>\n\n\n\n<p>La Polic\u00eda inform\u00f3 que profundiza las investigaciones del caso, por lo que oportunamente se ofrecer\u00e1n mayores detalles.<\/p>\n\n\n\n<p>Fuente:  Departamento de Prensa<\/p>\n\n\n\n<p>Direcci\u00f3n&nbsp;de Comunicaciones&nbsp;Estrat\u00e9gicas<\/p>\n\n\n\n<p>Polic\u00eda Nacional Rep\u00fablica Dominicana<\/p>\n","protected":false},"excerpt":{"rendered":"<p>diariodominicano.com Santo Domingo, R. D., 24 de enero, 2023.- Tras una intensa b\u00fasqueda e investigaci\u00f3n de unas 72 horas, personal de la Direcci\u00f3n Central de Investigaci\u00f3n (DICRIM) rescat\u00f3 sana y salva en una comunidad de Nagua, provincia Mar\u00eda Trinidad S\u00e1nchez, a una ni\u00f1a reci\u00e9n nacida que fue raptada la madrugada del pasado s\u00e1bado de la [&hellip;]<\/p>\n","protected":false},"author":5,"featured_media":285930,"comment_status":"closed","ping_status":"","sticky":true,"template":"","format":"standard","meta":{"footnotes":""},"categories":[29,27],"tags":[],"class_list":["post-411613","post","type-post","status-publish","format-standard","has-post-thumbnail","hentry","category-policiasucesos","category-portada"],"_links":{"self":[{"href":"https:\/\/diariodominicano.com\/index.php?rest_route=\/wp\/v2\/posts\/411613","targetHints":{"allow":["GET"]}}],"collection":[{"href":"https:\/\/diariodominicano.com\/index.php?rest_route=\/wp\/v2\/posts"}],"about":[{"href":"https:\/\/diariodominicano.com\/index.php?rest_route=\/wp\/v2\/types\/post"}],"author":[{"embeddable":true,"href":"https:\/\/diariodominicano.com\/index.php?rest_route=\/wp\/v2\/users\/5"}],"replies":[{"embeddable":true,"href":"https:\/\/diariodominicano.com\/index.php?rest_route=%2Fwp%2Fv2%2Fcomments&post=411613"}],"version-history":[{"count":3,"href":"https:\/\/diariodominicano.com\/index.php?rest_route=\/wp\/v2\/posts\/411613\/revisions"}],"predecessor-version":[{"id":411616,"href":"https:\/\/diariodominicano.com\/index.php?rest_route=\/wp\/v2\/posts\/411613\/revisions\/411616"}],"wp:featuredmedia":[{"embeddable":true,"href":"https:\/\/diariodominicano.com\/index.php?rest_route=\/wp\/v2\/media\/285930"}],"wp:attachment":[{"href":"https:\/\/diariodominicano.com\/index.php?rest_route=%2Fwp%2Fv2%2Fmedia&parent=411613"}],"wp:term":[{"taxonomy":"category","embeddable":true,"href":"https:\/\/diariodominicano.com\/index.php?rest_route=%2Fwp%2Fv2%2Fcategories&post=411613"},{"taxonomy":"post_tag","embeddable":true,"href":"https:\/\/diariodominicano.com\/index.php?rest_route=%2Fwp%2Fv2%2Ftags&post=411613"}],"curies":[{"name":"wp","href":"https:\/\/api.w.org\/{rel}","templated":true}]}}