{"id":411603,"date":"2023-01-24T11:01:06","date_gmt":"2023-01-24T15:01:06","guid":{"rendered":"http:\/\/diariodominicano.com\/?p=411603"},"modified":"2023-01-24T16:05:00","modified_gmt":"2023-01-24T20:05:00","slug":"pn-apresa-nacional-haitiano-por-haber-ultimado-su-compatriota-en-santiago","status":"publish","type":"post","link":"https:\/\/diariodominicano.com\/?p=411603","title":{"rendered":"PN apresa ciudadano haitiano por haber ultimado su compatriota en Santiago"},"content":{"rendered":"\n<p>diariodominicano.com<\/p>\n\n\n\n<p><strong>Santiago,\u00a0R. D.,  24 de Enero 2023.-  <\/strong>Agentes investigativos apresaron a un ciudadano  haitiano por el hecho de haber ultimado a un compatriota de una estocada en medio de una discusi\u00f3n, en un hecho ocurrido ayer en el sector Plaza Valerio de  ciudad Santiago.<\/p>\n\n\n\n<p>El detenido es Wisly Dester, a quien se le atribuye la muerte de Wilner Vicsalma de 19 a\u00f1os de edad&nbsp;&nbsp;por herida de arma blanca.<\/p>\n\n\n\n<p>Seg\u00fan testigos oculares, los dos nacionales haitianos ten\u00edan problemas hace varios d\u00edas, por constantes burlas relacionadas a una situaci\u00f3n ocurrida por una mujer.<\/p>\n\n\n\n<p>De acuerdo a las investigaciones, el hecho ocurri\u00f3 momentos en que el hoy occiso se presentara a la residencia de Dester a reclamarle por el bulling, origin\u00e1ndose una discusi\u00f3n entre ambos, resultando con la herida que le produjo la muerte.<\/p>\n\n\n\n<p>En cuanto el cad\u00e1ver fue trasladado al Instituto &nbsp;Nacional de Ciencias Forenses (INACIF) para los fines correspondientes.<\/p>\n\n\n\n<p>El detenido ser\u00e1 puesto a disposici\u00f3n de la justicia para que responda por el hecho que se le imputa.<\/p>\n\n\n\n<p>Fuente:  <strong>OFICINA DE INFORMACI\u00d3N Y COMUNICACIONES ESTRAT\u00c9GICAS DIRECCI\u00d3N REGIONAL CIBAO CENTRAL DE LA POLIC\u00cdA NACIONAL<\/strong><\/p>\n","protected":false},"excerpt":{"rendered":"<p>diariodominicano.com Santiago,\u00a0R. D., 24 de Enero 2023.- Agentes investigativos apresaron a un ciudadano haitiano por el hecho de haber ultimado a un compatriota de una estocada en medio de una discusi\u00f3n, en un hecho ocurrido ayer en el sector Plaza Valerio de ciudad Santiago. El detenido es Wisly Dester, a quien se le atribuye la [&hellip;]<\/p>\n","protected":false},"author":5,"featured_media":411604,"comment_status":"closed","ping_status":"","sticky":true,"template":"","format":"standard","meta":{"footnotes":""},"categories":[29,27],"tags":[],"class_list":["post-411603","post","type-post","status-publish","format-standard","has-post-thumbnail","hentry","category-policiasucesos","category-portada"],"_links":{"self":[{"href":"https:\/\/diariodominicano.com\/index.php?rest_route=\/wp\/v2\/posts\/411603","targetHints":{"allow":["GET"]}}],"collection":[{"href":"https:\/\/diariodominicano.com\/index.php?rest_route=\/wp\/v2\/posts"}],"about":[{"href":"https:\/\/diariodominicano.com\/index.php?rest_route=\/wp\/v2\/types\/post"}],"author":[{"embeddable":true,"href":"https:\/\/diariodominicano.com\/index.php?rest_route=\/wp\/v2\/users\/5"}],"replies":[{"embeddable":true,"href":"https:\/\/diariodominicano.com\/index.php?rest_route=%2Fwp%2Fv2%2Fcomments&post=411603"}],"version-history":[{"count":3,"href":"https:\/\/diariodominicano.com\/index.php?rest_route=\/wp\/v2\/posts\/411603\/revisions"}],"predecessor-version":[{"id":411618,"href":"https:\/\/diariodominicano.com\/index.php?rest_route=\/wp\/v2\/posts\/411603\/revisions\/411618"}],"wp:featuredmedia":[{"embeddable":true,"href":"https:\/\/diariodominicano.com\/index.php?rest_route=\/wp\/v2\/media\/411604"}],"wp:attachment":[{"href":"https:\/\/diariodominicano.com\/index.php?rest_route=%2Fwp%2Fv2%2Fmedia&parent=411603"}],"wp:term":[{"taxonomy":"category","embeddable":true,"href":"https:\/\/diariodominicano.com\/index.php?rest_route=%2Fwp%2Fv2%2Fcategories&post=411603"},{"taxonomy":"post_tag","embeddable":true,"href":"https:\/\/diariodominicano.com\/index.php?rest_route=%2Fwp%2Fv2%2Ftags&post=411603"}],"curies":[{"name":"wp","href":"https:\/\/api.w.org\/{rel}","templated":true}]}}