{"id":41160,"date":"2019-11-21T20:52:19","date_gmt":"2019-11-21T20:52:19","guid":{"rendered":"http:\/\/diariodominicano.ddns.net\/?p=41160"},"modified":"2019-11-21T20:52:19","modified_gmt":"2019-11-21T20:52:19","slug":"el-tripartidismo","status":"publish","type":"post","link":"https:\/\/diariodominicano.com\/?p=41160","title":{"rendered":"El tripartidismo&#13;"},"content":{"rendered":"<p><body><\/p>\n<p>A Pleno Sol<\/p>\n<\/p>\n<p>El tripartidismo<\/p>\n<\/p>\n<p>Por Manuel Hern\u00e1ndez Villeta<\/p>\n<\/p>\n<\/p>\n<p>No hay bi-polaridad partidista en estos momentos. La lucha es entre tres bloques. Los partidos y los l\u00edderes tienen que ir escogiendo a sus  contradictores. No es suficiente el cuadro de oposici\u00f3n contra gobiernistas. Hay que ponerle el cu\u00f1o de la personificaci\u00f3n del cara a cara.<\/p>\n<\/p>\n<p>En el camino inicial  opositor coinciden Luis Abinader y Leonel Fern\u00e1ndez enfocando sus ca\u00f1ones contra el danilismo y el candidato presidencial del Partido de la Liberaci\u00f3n Dominicana. La alianza congresual es un buen ejemplo. Busca cerrar el camino de la mayor\u00eda parlamentaria a los danilistas para el pr\u00f3ximo per\u00edodo, ganen o pierdan las elecciones.<\/p>\n<\/p>\n<p>Los seguidores de Danilo Medina tienen que enfrentar a dos contrarios. Pueden escoger uno, o chocar con los dos. Parece que van a seleccionar a Abinader. Ya de hecho hay un estribillo de que a Leonel lo vencieron y van por Abinader.<\/p>\n<\/p>\n<p>Los principales allegados al gobierno parece que le dan la espalda a Leonel y buscan polarizar con Abinader. Inclusive llegan a confesar que tienen diez puntos por debajo del candidato del Partido Revolucionario Moderno.  No jueguen con candela. Leonel en ese tercer lugar que lo ponen, ser\u00eda la chispa para encender la victoria de  Abinader o Gonzalo.<\/p>\n<\/p>\n<p>Visto a futuro, ser\u00eda un error profundizar la brecha de Leonel y Danilo. Ya est\u00e1n divididos y cada cual en su partido. Se van a enfrentar en la eventual segunda vuelta. Lo que es imposible determinar en estos momentos es quien ser\u00e1 el tercero en la segunda. Ese aparente perdedor tendr\u00e1 disponibilidades de dar el triunfo a quien quiera.<\/p>\n<\/p>\n<p>La Junta Central Electoral ya  dio el reconocimiento a la inscripci\u00f3n de la candidatura de Leonel, pero no todo el camino est\u00e1 recorrido. Al Le\u00f3n le falta por subir  la senda del Tribunal Constitucional. El fallo tendr\u00e1 que ser a su favor.<\/p>\n<\/p>\n<p> La ley de partidos habla de que candidatos no pueden ser precandidatos o candidatos de otros partidos. En ning\u00fan lugar habla de los precandidatos. Leonel nunca fue candidato del PLD en las recientes primarias. Pero nada est\u00e1 escrito, podr\u00eda ser atajado por una decisi\u00f3n del Constitucional.<\/p>\n<\/p>\n<p>Leonel sigue su activismo pol\u00edtico, pero tiene la soga alrededor del cuello. \u00bfHasta d\u00f3nde puede llegar?. La decisi\u00f3n del tribunal Constitucional ser\u00e1 equilibrada entre lo pol\u00edtico y lo jur\u00eddico.  Sobre esa sentencia estar\u00e1 el efecto del  golpe de Estado en Bolivia, la crisis de Hait\u00ed y la capacidad de movilizaci\u00f3n de Leonel.<\/p>\n<\/p>\n<p>Am\u00e9rica est\u00e1 en el retorno de las derechas, con su carga de inestabilidad y violencia. Habr\u00e1 que ver hasta donde los grupos hegem\u00f3nicos dominicanos se la juegan en estas elecciones. \u00bfCu\u00e1l es la posici\u00f3n de la embajada norteamericana?. Todos los dados sobre la mesa en este panorama donde todav\u00eda no llega la  polarizaci\u00f3n bi-partidista. \u00a1Ay\u00bb!, se me acab\u00f3 la tinta.<\/p>\n<\/p>\n<h6> 2019-11-21 20:52:19 <\/h6>\n<p><!--\n<link rel=\"stylesheet\" href=\"css\/bootstrap.min.css\">\n\n\n<ul class=\"pagination\">\n\t    \n\t\n\n<li >\n\t<a href='?page_no=429'>Previous<\/a>\n\t<\/li>\n\n\n       \n    \n\n<li><a href='?page_no=1'>1<\/a><\/li>\n\n\n\n<li><a href='?page_no=2'>2<\/a><\/li>\n\n\n\n<li><a>...<\/a><\/li>\n\n\n\n<li><a href='?page_no=428'>428<\/a><\/li>\n\n\n\n<li><a href='?page_no=429'>429<\/a><\/li>\n\n\n\n<li class='active'><a>430<\/a><\/li>\n\n\n\n<li><a href='?page_no=431'>431<\/a><\/li>\n\n\n\n<li><a href='?page_no=432'>432<\/a><\/li>\n\n\n\n<li><a>...<\/a><\/li>\n\n\n\n<li><a href='?page_no=13611'>13611<\/a><\/li>\n\n\n\n<li><a href='?page_no=13612'>13612<\/a><\/li>\n\n    \n\t\n\n<li >\n\t<a href='?page_no=431'>Next<\/a>\n\t<\/li>\n\n\n    \n\n<li><a href='?page_no=13612'>Last &rsaquo;&rsaquo;<\/a><\/li>\n\n<\/ul>\n\n\n--><br \/>\n<\/body><\/p>\n","protected":false},"excerpt":{"rendered":"<p>A Pleno Sol El tripartidismo Por Manuel Hern\u00e1ndez Villeta No hay bi-polaridad partidista en estos momentos. La lucha es entre tres bloques. Los partidos y los l\u00edderes tienen que ir escogiendo a sus contradictores. No es suficiente el cuadro de oposici\u00f3n contra gobiernistas. Hay que ponerle el cu\u00f1o de la personificaci\u00f3n del cara a cara. [&hellip;]<\/p>\n","protected":false},"author":3,"featured_media":0,"comment_status":"open","ping_status":"open","sticky":false,"template":"","format":"standard","meta":{"footnotes":""},"categories":[16],"tags":[],"class_list":["post-41160","post","type-post","status-publish","format-standard","hentry","category-opiniones"],"_links":{"self":[{"href":"https:\/\/diariodominicano.com\/index.php?rest_route=\/wp\/v2\/posts\/41160","targetHints":{"allow":["GET"]}}],"collection":[{"href":"https:\/\/diariodominicano.com\/index.php?rest_route=\/wp\/v2\/posts"}],"about":[{"href":"https:\/\/diariodominicano.com\/index.php?rest_route=\/wp\/v2\/types\/post"}],"author":[{"embeddable":true,"href":"https:\/\/diariodominicano.com\/index.php?rest_route=\/wp\/v2\/users\/3"}],"replies":[{"embeddable":true,"href":"https:\/\/diariodominicano.com\/index.php?rest_route=%2Fwp%2Fv2%2Fcomments&post=41160"}],"version-history":[{"count":0,"href":"https:\/\/diariodominicano.com\/index.php?rest_route=\/wp\/v2\/posts\/41160\/revisions"}],"wp:attachment":[{"href":"https:\/\/diariodominicano.com\/index.php?rest_route=%2Fwp%2Fv2%2Fmedia&parent=41160"}],"wp:term":[{"taxonomy":"category","embeddable":true,"href":"https:\/\/diariodominicano.com\/index.php?rest_route=%2Fwp%2Fv2%2Fcategories&post=41160"},{"taxonomy":"post_tag","embeddable":true,"href":"https:\/\/diariodominicano.com\/index.php?rest_route=%2Fwp%2Fv2%2Ftags&post=41160"}],"curies":[{"name":"wp","href":"https:\/\/api.w.org\/{rel}","templated":true}]}}