{"id":411348,"date":"2023-01-23T16:41:28","date_gmt":"2023-01-23T20:41:28","guid":{"rendered":"http:\/\/diariodominicano.com\/?p=411348"},"modified":"2023-01-23T16:51:39","modified_gmt":"2023-01-23T20:51:39","slug":"imponen-un-ano-de-prision-a-hombre-por-construccion-de-una-piscina-dentro-del-mar-en-sanchez","status":"publish","type":"post","link":"https:\/\/diariodominicano.com\/?p=411348","title":{"rendered":"Imponen un a\u00f1o de prisi\u00f3n a hombre por construcci\u00f3n de una piscina dentro del mar en S\u00e1nchez"},"content":{"rendered":"\n<p>Externa Imagen del paisaje del municipio de S\u00e1nchez.<\/p>\n\n\n\n<p>SAMAN\u00c1 (Rep\u00fablica Dominicana).- Un juez de esta jurisdicci\u00f3n conden\u00f3 a un a\u00f1o de prisi\u00f3n y a una multa de 10 salarios m\u00ednimos a un hombre que fue sometido por la Procuradur\u00eda Especializada para la Defensa del Medio Ambiente y los Recursos Naturales (Proedemaren) por la construcci\u00f3n de una piscina en el mar, en el municipio S\u00e1nchez.<\/p>\n\n\n\n<p>El magistrado Edward Jos\u00e9 Soto, de la C\u00e1mara Penal del Juzgado de Primera Instancia de Saman\u00e1, dispuso que Juan Antonio Mercedes D\u00edaz (Yovanny) cumpla la pena en la Fortaleza de Saman\u00e1 y orden\u00f3 demoler la piscina, una construcci\u00f3n de 8.5 metros de ancho por 9.5 metros de largo levantada en las proximidades de La Plazoleta, ubicada en la calle Duarte, sector Silencio Marcelo S\u00e1nchez, del citado municipio.<\/p>\n\n\n\n<p>El tribunal acogi\u00f3 la acusaci\u00f3n y las evidencias presentadas por el Ministerio P\u00fablico, que tipific\u00f3 las acciones de Soto como violaci\u00f3n a varios art\u00edculos de la Ley General de Medio Ambiente y Recursos Naturales (64-00) y los art\u00edculos 1 y 2 de la Ley 305, sobre Protecci\u00f3n de la Franja Marina.<\/p>\n\n\n\n<p>La Proedemaren, que encabeza el procurador de corte Francisco Contreras, resalt\u00f3 que el art\u00edculo 145 de la citada norma establece que los bienes de dominio p\u00fablico mar\u00edtimo, terrestre o de costas \u201cpertenecen al Estado Dominicano y por lo tanto son inalienables, imprescriptibles e inembargables\u201d. El proceso estuvo a cargo del procurador fiscal Braulio Duarte N\u00fa\u00f1ez, adscrito a Proedemaren.<\/p>\n\n\n\n<p>Este organismo especializado del Ministerio P\u00fablico surge de la necesidad de estructurar la investigaci\u00f3n y la persecuci\u00f3n de los delitos contra el medio ambiente, de modo que los infractores no solo sean sancionados de forma administrativa sino que tambi\u00e9n, en los casos m\u00e1s graves y penalmente relevantes, sean sometidos jurisdiccionalmente, con el fin de que la justicia les imponga la privaci\u00f3n de la libertad.<\/p>\n\n\n\n<p><strong>Direcci\u00f3n de Comunicaci\u00f3n y Prensa<\/strong><\/p>\n\n\n\n<p><strong>Procuradur\u00eda General-Ministerio P\u00fablico RD<\/strong><\/p>\n\n\n\n<p><strong>Lunes, 23 de enero de 2023.<\/strong><\/p>\n","protected":false},"excerpt":{"rendered":"<p>Externa Imagen del paisaje del municipio de S\u00e1nchez. SAMAN\u00c1 (Rep\u00fablica Dominicana).- Un juez de esta jurisdicci\u00f3n conden\u00f3 a un a\u00f1o de prisi\u00f3n y a una multa de 10 salarios m\u00ednimos a un hombre que fue sometido por la Procuradur\u00eda Especializada para la Defensa del Medio Ambiente y los Recursos Naturales (Proedemaren) por la construcci\u00f3n de [&hellip;]<\/p>\n","protected":false},"author":28,"featured_media":411349,"comment_status":"closed","ping_status":"","sticky":true,"template":"","format":"standard","meta":{"footnotes":""},"categories":[24,29,27],"tags":[],"class_list":["post-411348","post","type-post","status-publish","format-standard","has-post-thumbnail","hentry","category-justicia-y-derecho","category-policiasucesos","category-portada"],"_links":{"self":[{"href":"https:\/\/diariodominicano.com\/index.php?rest_route=\/wp\/v2\/posts\/411348","targetHints":{"allow":["GET"]}}],"collection":[{"href":"https:\/\/diariodominicano.com\/index.php?rest_route=\/wp\/v2\/posts"}],"about":[{"href":"https:\/\/diariodominicano.com\/index.php?rest_route=\/wp\/v2\/types\/post"}],"author":[{"embeddable":true,"href":"https:\/\/diariodominicano.com\/index.php?rest_route=\/wp\/v2\/users\/28"}],"replies":[{"embeddable":true,"href":"https:\/\/diariodominicano.com\/index.php?rest_route=%2Fwp%2Fv2%2Fcomments&post=411348"}],"version-history":[{"count":2,"href":"https:\/\/diariodominicano.com\/index.php?rest_route=\/wp\/v2\/posts\/411348\/revisions"}],"predecessor-version":[{"id":411351,"href":"https:\/\/diariodominicano.com\/index.php?rest_route=\/wp\/v2\/posts\/411348\/revisions\/411351"}],"wp:featuredmedia":[{"embeddable":true,"href":"https:\/\/diariodominicano.com\/index.php?rest_route=\/wp\/v2\/media\/411349"}],"wp:attachment":[{"href":"https:\/\/diariodominicano.com\/index.php?rest_route=%2Fwp%2Fv2%2Fmedia&parent=411348"}],"wp:term":[{"taxonomy":"category","embeddable":true,"href":"https:\/\/diariodominicano.com\/index.php?rest_route=%2Fwp%2Fv2%2Fcategories&post=411348"},{"taxonomy":"post_tag","embeddable":true,"href":"https:\/\/diariodominicano.com\/index.php?rest_route=%2Fwp%2Fv2%2Ftags&post=411348"}],"curies":[{"name":"wp","href":"https:\/\/api.w.org\/{rel}","templated":true}]}}