{"id":411343,"date":"2023-01-23T16:36:11","date_gmt":"2023-01-23T20:36:11","guid":{"rendered":"http:\/\/diariodominicano.com\/?p=411343"},"modified":"2023-01-23T16:37:13","modified_gmt":"2023-01-23T20:37:13","slug":"pn-apresa-hombre-buscado-por-la-muerte-de-un-joven-confundido-con-su-padre-en-santiago","status":"publish","type":"post","link":"https:\/\/diariodominicano.com\/?p=411343","title":{"rendered":"PN apresa hombre buscado por la muerte de un joven confundido con su padre\u00a0\u00a0en Santiago"},"content":{"rendered":"\n<p><\/p>\n\n\n\n<p><strong>Santiago de Los Caballeros, 23 de Enero del 2023.<\/strong>\u00a0Tras ardua labor de inteligencia y seguimiento continuo, agentes policiales adscritos a la dotaci\u00f3n policial del municipio de Saman\u00e1, en conjunto con miembros de la Direcci\u00f3n Central de Investigaciones Criminales, de esta Direcci\u00f3n Regional Cibao Central, apresaron un hombre, quien era buscado por haberle quitado la vida a un joven confundido con su padre el pasado d\u00eda 8 de este mes en el municipio de Villa Gonz\u00e1lez.<\/p>\n\n\n\n<p>En un comunicado de prensa la PN se\u00f1ala que al detenido\u00a0\u00a0Domingo Antonio Ventura Toribio alias Pingua de 51 a\u00f1os, se le atribuye la muerte por herida de proyectil de arma de fuego, a Nelvin Rosario Moran Santos, pensando que era el padre con quien ten\u00eda conflictos personales.<\/p>\n\n\n\n<p>El reporte preliminar indica que el m\u00f3vil del hecho ocurri\u00f3 momentos en que Moran Santos, transitaba por el sector&nbsp;&nbsp;La Sabana del municipio de Villa Gonz\u00e1lez,&nbsp;&nbsp;a bordo de la jeepeta marca honda CRV color&nbsp;&nbsp;blanco, placa G234315, y sin mediar palabras le realizara varios disparo ocasion\u00e1ndole la herida que le produjo la muerte.<\/p>\n\n\n\n<p>Agrega que al ser cuestionado verbalmente el detenido, admite haber cometido la acci\u00f3n criminal, debido a que el padre del hoy occiso junto a un tal Modestico,&nbsp;&nbsp;le hab\u00edan ocasionado varias heridas de armas de fuego y este en represalia, pensando que era su contrincante le emprendi\u00f3 a tiros impactando a&nbsp;&nbsp;Moran Santos.<\/p>\n\n\n\n<p>Con relaci\u00f3n al arma utilizada para cometer el hecho, manifiesta que es&nbsp;&nbsp;un rev\u00f3lver calibre 38 y que lo hab\u00eda lanzado por unos matorrales ubicado en el referido sector, siendo buscado y no localizado por los agentes actuantes.<\/p>\n\n\n\n<p>El detenido ser\u00e1 puesto a disposici\u00f3n de la justicia, para conocerle medida de coerci\u00f3n por el hecho que se le imputa.<\/p>\n\n\n\n<p>Estas acciones son llevadas a cabo bajo el fiel cumplimento de las instrucciones de nuestro director de la Polic\u00eda Nacional mayor general Eduardo Alberto Then, emanada por el director Regional Cibao Central del cuerpo del orden, general Ram\u00f3n Samuel Azcona Reyes.<\/p>\n\n\n\n<p><strong>OFICINA DE INFORMACI\u00d3N Y COMUNICACIONES ESTRAT\u00c9GICAS DIRECCI\u00d3N REGIONAL CIBAO CENTRAL DE LA POLIC\u00cdA NACIONAL.<\/strong><\/p>\n","protected":false},"excerpt":{"rendered":"<p>Santiago de Los Caballeros, 23 de Enero del 2023.\u00a0Tras ardua labor de inteligencia y seguimiento continuo, agentes policiales adscritos a la dotaci\u00f3n policial del municipio de Saman\u00e1, en conjunto con miembros de la Direcci\u00f3n Central de Investigaciones Criminales, de esta Direcci\u00f3n Regional Cibao Central, apresaron un hombre, quien era buscado por haberle quitado la vida [&hellip;]<\/p>\n","protected":false},"author":28,"featured_media":411344,"comment_status":"closed","ping_status":"","sticky":true,"template":"","format":"standard","meta":{"footnotes":""},"categories":[29,27],"tags":[],"class_list":["post-411343","post","type-post","status-publish","format-standard","has-post-thumbnail","hentry","category-policiasucesos","category-portada"],"_links":{"self":[{"href":"https:\/\/diariodominicano.com\/index.php?rest_route=\/wp\/v2\/posts\/411343","targetHints":{"allow":["GET"]}}],"collection":[{"href":"https:\/\/diariodominicano.com\/index.php?rest_route=\/wp\/v2\/posts"}],"about":[{"href":"https:\/\/diariodominicano.com\/index.php?rest_route=\/wp\/v2\/types\/post"}],"author":[{"embeddable":true,"href":"https:\/\/diariodominicano.com\/index.php?rest_route=\/wp\/v2\/users\/28"}],"replies":[{"embeddable":true,"href":"https:\/\/diariodominicano.com\/index.php?rest_route=%2Fwp%2Fv2%2Fcomments&post=411343"}],"version-history":[{"count":3,"href":"https:\/\/diariodominicano.com\/index.php?rest_route=\/wp\/v2\/posts\/411343\/revisions"}],"predecessor-version":[{"id":411347,"href":"https:\/\/diariodominicano.com\/index.php?rest_route=\/wp\/v2\/posts\/411343\/revisions\/411347"}],"wp:featuredmedia":[{"embeddable":true,"href":"https:\/\/diariodominicano.com\/index.php?rest_route=\/wp\/v2\/media\/411344"}],"wp:attachment":[{"href":"https:\/\/diariodominicano.com\/index.php?rest_route=%2Fwp%2Fv2%2Fmedia&parent=411343"}],"wp:term":[{"taxonomy":"category","embeddable":true,"href":"https:\/\/diariodominicano.com\/index.php?rest_route=%2Fwp%2Fv2%2Fcategories&post=411343"},{"taxonomy":"post_tag","embeddable":true,"href":"https:\/\/diariodominicano.com\/index.php?rest_route=%2Fwp%2Fv2%2Ftags&post=411343"}],"curies":[{"name":"wp","href":"https:\/\/api.w.org\/{rel}","templated":true}]}}