{"id":411330,"date":"2023-01-23T16:16:08","date_gmt":"2023-01-23T20:16:08","guid":{"rendered":"http:\/\/diariodominicano.com\/?p=411330"},"modified":"2023-01-23T16:16:08","modified_gmt":"2023-01-23T20:16:08","slug":"detenidos-tres-hombres-por-porte-ilegal-de-arma-de-fuego-y-posesion-de-drogas-en-santiago-pn","status":"publish","type":"post","link":"https:\/\/diariodominicano.com\/?p=411330","title":{"rendered":"Detenidos tres hombres por porte ilegal de arma de fuego y posesi\u00f3n de drogas en Santiago: PN"},"content":{"rendered":"\n<p><\/p>\n\n\n\n<p>Santiago de Los Caballeros, 23 de Enero del 2023. Durante operativos realizados por agentes policiales pertenecientes a la Unidad de Acci\u00f3n R\u00e1pida, Swat y la Polic\u00eda Preventiva, apresaron tres hombres, ocup\u00e1ndoles un arma de fuego ilegal y diversas porciones de sustancias il\u00edcitas en distintos sectores de Santiago, inform\u00f3 el lunes la Direcci\u00f3n Regional Cibao Central, Polic\u00eda Nacional.<\/p>\n\n\n\n<p>En el distrito municipal Hato de Yaque fueron apresados Luis \u00c1ngel&nbsp;&nbsp;L\u00f3pez y Yoel Linares, cuando transitaban a bordo de una&nbsp;&nbsp;motocicleta marca Z3000, de color rojo, quienes al ser requisados al segundo en menci\u00f3n, se le ocup\u00f3 una pistola marca Carl Walther, modelo PPK\/S, calibre 9 mil\u00edmetros serie no. 006060S, con su cargador y dos c\u00e1psulas.<\/p>\n\n\n\n<p>En el sector Ingenio Arriba, fue detenido Yoan Bautista Rodr\u00edguez Morel, donde opera un supuesto punto de droga, a quien se le ocup\u00f3 la cantidad de 46 porciones de sustancias il\u00edcitas, distribuidas de la siguiente manera, 21 porci\u00f3n de un material desconocido presumiblemente coca\u00edna, cinco&nbsp;&nbsp;de un vegetal verde presuntamente marihuana y 22 de una sustancia desconocida, se presume es crack, as\u00ed como tambi\u00e9n un celular, una llave, un encendedor, entre otras pertenencias.<\/p>\n\n\n\n<p>En tanto que en la calle 16 de agosto del centro de la ciudad fueron ocupadas 57 bolsitas&nbsp;&nbsp;&nbsp;de sustancias il\u00edcitas que por sus caracter\u00edsticas se presume es marihuana, las mismas dejadas abandonadas por personas desconocidas quienes emprendieron la huida al notar la presencia policial.<\/p>\n\n\n\n<p>Los prevenidos y lo ocupado est\u00e1n en poder del Ministerio P\u00fablico para los fines procedentes de ley.<\/p>\n\n\n\n<p>policia nacional<a target=\"_blank\" href=\"mailto:npolicia14@gmail.com\" rel=\"noreferrer noopener\">npolicia14@gmail.com<\/a><\/p>\n\n\n\n<p><strong>OFICINA DE INFORMACI\u00d3N Y COMUNICACIONES ESTRAT\u00c9GICAS DIRECCI\u00d3N REGIONAL CIBAO CENTRAL DE LA POLIC\u00cdA NACIONAL<\/strong><\/p>\n","protected":false},"excerpt":{"rendered":"<p>Santiago de Los Caballeros, 23 de Enero del 2023. Durante operativos realizados por agentes policiales pertenecientes a la Unidad de Acci\u00f3n R\u00e1pida, Swat y la Polic\u00eda Preventiva, apresaron tres hombres, ocup\u00e1ndoles un arma de fuego ilegal y diversas porciones de sustancias il\u00edcitas en distintos sectores de Santiago, inform\u00f3 el lunes la Direcci\u00f3n Regional Cibao Central, [&hellip;]<\/p>\n","protected":false},"author":28,"featured_media":411331,"comment_status":"closed","ping_status":"","sticky":true,"template":"","format":"standard","meta":{"footnotes":""},"categories":[29,27],"tags":[],"class_list":["post-411330","post","type-post","status-publish","format-standard","has-post-thumbnail","hentry","category-policiasucesos","category-portada"],"_links":{"self":[{"href":"https:\/\/diariodominicano.com\/index.php?rest_route=\/wp\/v2\/posts\/411330","targetHints":{"allow":["GET"]}}],"collection":[{"href":"https:\/\/diariodominicano.com\/index.php?rest_route=\/wp\/v2\/posts"}],"about":[{"href":"https:\/\/diariodominicano.com\/index.php?rest_route=\/wp\/v2\/types\/post"}],"author":[{"embeddable":true,"href":"https:\/\/diariodominicano.com\/index.php?rest_route=\/wp\/v2\/users\/28"}],"replies":[{"embeddable":true,"href":"https:\/\/diariodominicano.com\/index.php?rest_route=%2Fwp%2Fv2%2Fcomments&post=411330"}],"version-history":[{"count":1,"href":"https:\/\/diariodominicano.com\/index.php?rest_route=\/wp\/v2\/posts\/411330\/revisions"}],"predecessor-version":[{"id":411332,"href":"https:\/\/diariodominicano.com\/index.php?rest_route=\/wp\/v2\/posts\/411330\/revisions\/411332"}],"wp:featuredmedia":[{"embeddable":true,"href":"https:\/\/diariodominicano.com\/index.php?rest_route=\/wp\/v2\/media\/411331"}],"wp:attachment":[{"href":"https:\/\/diariodominicano.com\/index.php?rest_route=%2Fwp%2Fv2%2Fmedia&parent=411330"}],"wp:term":[{"taxonomy":"category","embeddable":true,"href":"https:\/\/diariodominicano.com\/index.php?rest_route=%2Fwp%2Fv2%2Fcategories&post=411330"},{"taxonomy":"post_tag","embeddable":true,"href":"https:\/\/diariodominicano.com\/index.php?rest_route=%2Fwp%2Fv2%2Ftags&post=411330"}],"curies":[{"name":"wp","href":"https:\/\/api.w.org\/{rel}","templated":true}]}}