{"id":41104,"date":"2019-11-25T09:32:07","date_gmt":"2019-11-25T09:32:07","guid":{"rendered":"http:\/\/diariodominicano.ddns.net\/?p=41104"},"modified":"2019-11-25T09:32:07","modified_gmt":"2019-11-25T09:32:07","slug":"por-eso-salimos-del-pld","status":"publish","type":"post","link":"https:\/\/diariodominicano.com\/?p=41104","title":{"rendered":"\u00a1POR ESO SALIMOS DEL PLD!"},"content":{"rendered":"<p><body><\/p>\n<p><strong>FRANKLIN ALMEYDA RANCIER<\/strong><\/p>\n<\/p>\n<p>El candidato presidencial del partido oficial, el que est\u00e1 en pendiente enjabonada, solicit\u00f3 a la Comisi\u00f3n de \u00c9tica del Gobierno que investigara la informaci\u00f3n de la comunicadora Alicia Ortega de que \u00e9l, estando en el Ministerio de Obras P\u00fablicas, gast\u00f3 11 mil millones de pesos, en contratos sin licitaci\u00f3n con 38 empresas. Se asegura que son las mismas empresas que propiciaron sus actividades de recaudacion.<\/p>\n<\/p>\n<p>El candidato que no despega dijo haber apoderado a la Comisi\u00f3n de \u00c9tica. Resulta, sin embargo, que quien encabeza esa Comisi\u00f3n es el mismo que presidi\u00f3 la Comisi\u00f3n Electoral del Partido de gobierno, la cual tiene entre sus miembros autores y c\u00f3mplices del fraude montado para las primarias celebradas el pasado 6 de octubre.<\/p>\n<\/p>\n<p>Leonel Fernandes, candidato presidencial del Partido Fuerza del Pueblo,  ha calificado de grave la denuncia y reclama una investigaci\u00f3n. Por su lado, el tambi\u00e9n candidato del PRM ha dicho que quien debe abrir una investigaci\u00f3n es el ministerio p\u00fablico. Cabe preguntar \u00bfPor qu\u00e9 el Procurador, el Contralor, la C\u00e1mara de Cuentas, la Direcci\u00f3n de Compras y Contrataciones y hasta la misma JCE, no han hecho caso y m\u00e1s bien han mirado para otro lado?<\/p>\n<\/p>\n<p>La respuesta es porque hay complicidad o les temen a la intolerancia del Presidente. Las consecuencias ser\u00e1n las misma; se hacen tan culpables como el transgresor y autor de corrupcion, o, igualmente c\u00f3mplices, por omisi\u00f3n.<\/p>\n<\/p>\n<p>Haber salido del PLD ha sido una descarga emocional que alegra el alma. La convivencia, dentro de esa organizaci\u00f3n pol\u00edtica, era como un matrimonio que por varios a\u00f1os arrastraba una crisis. No hab\u00eda cohabitaci\u00f3n, salir de la organizaci\u00f3n era una necesidad para respirar ox\u00edgeno puro.<\/p>\n<\/p>\n<p>Llegu\u00e9 a escribir, en esta columna, recreando la f\u00e1bula del sapo y el alacr\u00e1n. Esa f\u00e1bula era oportuna porque deja una moraleja, y es que ante el desbordamiento de las aguas y teniendo que cruzar un lago, el alacr\u00e1n solicita al sapo que lo cargue en su lomo, en vista de que no sab\u00eda nadar;  el sapo, por ser anfibio, no se ahoga, el alacr\u00e1n si.<\/p>\n<\/p>\n<p>El sapo lo mira con ojos de pena, pero por prudencia le advierte que no podr\u00eda porque el alacr\u00e1n clavar\u00eda sus ponzo\u00f1as venenosas en el lomo y ambos se ahogar\u00edan. El alacr\u00e1n jur\u00f3 por sus hijos y sus padres que no lo har\u00eda. El sapo con su alma noble lo invit\u00f3 a subirse en su lomo. A mitad del lago, el alacr\u00e1n entierra su ponzo\u00f1a y el sapo con expresi\u00f3n de dolor y pena le dice: se\u00f1or sapo, ahora nos vamos a ahogar los dos; el alacr\u00e1n, riposta diciendo: lo s\u00e9, es que est\u00e1 en mi naturaleza.<\/p>\n<\/p>\n<p>Recuerdo que cuando publiqu\u00e9 ese art\u00edculo, acompa\u00f1aba a Leonel en la mediaci\u00f3n entre el gobierno de Venezuela y su oposici\u00f3n. Al encontrarnos los dos, con sana expresion me dice haberse encontrado con Temo en un evento en Paris y haber hablado cerca de una hora con \u00e9l, mostr\u00e1ndose muy comprensivo con la crisis interna. Respond\u00ed con agrado, pero recre\u00e1ndole la moraleja de la f\u00e1bula.<\/p>\n<\/p>\n<p>El desprestigio de la c\u00fapula de ese Partido iba a ser creciente y pod\u00edamos ser arrastrados. Pero hab\u00eda de esperar a que fuera el proceso que lo determinara. El liderazgo es pesado, no es glamour y aplausos, es sostener una causa.<\/p>\n<p><strong>El autor fue miembro del CP del PLD, ex Ministro de Interior y ex Rector de la UASD.<\/strong><\/p>\n<h6> 2019-11-25 09:32:07 <\/h6>\n<p><!--\n<link rel=\"stylesheet\" href=\"css\/bootstrap.min.css\">\n\n\n<ul class=\"pagination\">\n\t    \n\t\n\n<li >\n\t<a href='?page_no=424'>Previous<\/a>\n\t<\/li>\n\n\n       \n    \n\n<li><a href='?page_no=1'>1<\/a><\/li>\n\n\n\n<li><a href='?page_no=2'>2<\/a><\/li>\n\n\n\n<li><a>...<\/a><\/li>\n\n\n\n<li><a href='?page_no=423'>423<\/a><\/li>\n\n\n\n<li><a href='?page_no=424'>424<\/a><\/li>\n\n\n\n<li class='active'><a>425<\/a><\/li>\n\n\n\n<li><a href='?page_no=426'>426<\/a><\/li>\n\n\n\n<li><a href='?page_no=427'>427<\/a><\/li>\n\n\n\n<li><a>...<\/a><\/li>\n\n\n\n<li><a href='?page_no=13611'>13611<\/a><\/li>\n\n\n\n<li><a href='?page_no=13612'>13612<\/a><\/li>\n\n    \n\t\n\n<li >\n\t<a href='?page_no=426'>Next<\/a>\n\t<\/li>\n\n\n    \n\n<li><a href='?page_no=13612'>Last &rsaquo;&rsaquo;<\/a><\/li>\n\n<\/ul>\n\n\n--><br \/>\n<\/body><\/p>\n","protected":false},"excerpt":{"rendered":"<p>FRANKLIN ALMEYDA RANCIER El candidato presidencial del partido oficial, el que est\u00e1 en pendiente enjabonada, solicit\u00f3 a la Comisi\u00f3n de \u00c9tica del Gobierno que investigara la informaci\u00f3n de la comunicadora Alicia Ortega de que \u00e9l, estando en el Ministerio de Obras P\u00fablicas, gast\u00f3 11 mil millones de pesos, en contratos sin licitaci\u00f3n con 38 empresas. [&hellip;]<\/p>\n","protected":false},"author":3,"featured_media":0,"comment_status":"open","ping_status":"open","sticky":false,"template":"","format":"standard","meta":{"footnotes":""},"categories":[16],"tags":[],"class_list":["post-41104","post","type-post","status-publish","format-standard","hentry","category-opiniones"],"_links":{"self":[{"href":"https:\/\/diariodominicano.com\/index.php?rest_route=\/wp\/v2\/posts\/41104","targetHints":{"allow":["GET"]}}],"collection":[{"href":"https:\/\/diariodominicano.com\/index.php?rest_route=\/wp\/v2\/posts"}],"about":[{"href":"https:\/\/diariodominicano.com\/index.php?rest_route=\/wp\/v2\/types\/post"}],"author":[{"embeddable":true,"href":"https:\/\/diariodominicano.com\/index.php?rest_route=\/wp\/v2\/users\/3"}],"replies":[{"embeddable":true,"href":"https:\/\/diariodominicano.com\/index.php?rest_route=%2Fwp%2Fv2%2Fcomments&post=41104"}],"version-history":[{"count":0,"href":"https:\/\/diariodominicano.com\/index.php?rest_route=\/wp\/v2\/posts\/41104\/revisions"}],"wp:attachment":[{"href":"https:\/\/diariodominicano.com\/index.php?rest_route=%2Fwp%2Fv2%2Fmedia&parent=41104"}],"wp:term":[{"taxonomy":"category","embeddable":true,"href":"https:\/\/diariodominicano.com\/index.php?rest_route=%2Fwp%2Fv2%2Fcategories&post=41104"},{"taxonomy":"post_tag","embeddable":true,"href":"https:\/\/diariodominicano.com\/index.php?rest_route=%2Fwp%2Fv2%2Ftags&post=41104"}],"curies":[{"name":"wp","href":"https:\/\/api.w.org\/{rel}","templated":true}]}}