{"id":41093,"date":"2019-11-26T14:46:35","date_gmt":"2019-11-26T14:46:35","guid":{"rendered":"http:\/\/diariodominicano.ddns.net\/?p=41093"},"modified":"2019-11-26T14:46:35","modified_gmt":"2019-11-26T14:46:35","slug":"energia-limpia-para-la-region-norte","status":"publish","type":"post","link":"https:\/\/diariodominicano.com\/?p=41093","title":{"rendered":"ENERGIA LIMPIA PARA LA REGION NORTE"},"content":{"rendered":"<p><body><\/p>\n<p>EN PRIMERA FILA<\/p>\n<\/p>\n<p>ENERGIA LIMPIA PARA LA REGION NORTE<\/p>\n<p>Mario Rivadulla<\/p>\n<\/p>\n<p>Una reciente informaci\u00f3n publicada en el List\u00edn Diario bajo la firma del periodista Ruddy  Gonz\u00e1lez deja en evidencia el gran desequilibrio que existe en la generaci\u00f3n del sistema el\u00e9ctrico nacional, dado que el mayor n\u00famero de plantas proveedoras de energ\u00eda se hayan ubicadas en la regi\u00f3n sur.<\/p>\n<\/p>\n<p>Esta gran concentraci\u00f3n de centrales el\u00e9ctricas representa un alto grado de desproporcionalidad y dependencia energ\u00e9tica para el resto del pa\u00eds, y de manera espec\u00edfica para la m\u00e1s productiva regi\u00f3n norte, donde apenas se hallan instaladas 4 de las 24 plantas que comprende el parque de generaci\u00f3n t\u00e9rmica del Sistema El\u00e9ctrico Nacional Interconectado (SENI).<\/p>\n<\/p>\n<p>Tal como consigna el aludido reportaje para el pasado a\u00f1o 2018 la oferta energ\u00e9tica de esas 4 plantas para la regi\u00f3n, que apenas producen el 8 por ciento de la generaci\u00f3n total del sistema fue de tan solo 2,469 gigavatios\/hora frente a una demanda de 4,230 gigavatios\/hora, una diferencia que debi\u00f3 ser suplida a trav\u00e9s de las redes de transmisi\u00f3n, elevando las p\u00e9rdidas t\u00e9cnicas derivadas de su uso con el consiguiente perjuicio econ\u00f3mico para la CDEEE.  No hay motivos para suponer que en el presente a\u00f1o ese desproporci\u00f3n se haya reducido.<\/p>\n<\/p>\n<p>En un orden m\u00e1s preocupante vale advertir sobre el riesgo de que la elevada concentraci\u00f3n de plantas generadoras en el sur pudiera hacer colapsar todo o gran parte del sistema en el resto del pa\u00eds en caso de una inesperada eventualidad catastr\u00f3fica.<\/p>\n<\/p>\n<p>Es una posibilidad real tomando en cuenta que estamos colocados en la ruta de las tormentas tropicales que en ocasiones han provocado considerable p\u00e9rdida de vidas y da\u00f1os materiales, as\u00ed como el riesgo latente de la extensa falla s\u00edsmica que atraviesa nuestro subsuelo y con frecuencia nos env\u00eda inquietantes avisos.<\/p>\n<\/p>\n<p>Cercano en tiempo y distancia lo ocurrido en Puerto Rico por el paso sucesivo de los devastadores huracanes Irma y Mar\u00eda.  Aunque la mayor parte de sus centrales el\u00e9ctricas concentradas en el sur no sufrieron da\u00f1os, en cambio provocaron  el colapso de las redes de transmisi\u00f3n dando lugar a un prolongado y masivo apag\u00f3n general que afect\u00f3 las labores de rescate, paraliz\u00f3 todas las actividades y aument\u00f3 el sufrimiento y angustia de la poblaci\u00f3n.<\/p>\n<\/p>\n<p>A su actual demanda energ\u00e9tica, la regi\u00f3n norte suma los requerimientos de su pujante desarrollo econ\u00f3mico. Santiago se aboca a ejecutar su pr\u00f3ximo y ambicioso plan decenal que comprende cincuenta proyectos prioritarios con una inversi\u00f3n de 70 mil millones de pesos; el turismo en Puerto Plata contin\u00faa en franco proceso de auge; otros polos tur\u00edsticos  entran en fase de despegue en varias provincias y se concretan planes para la ampliaci\u00f3n y modernizaci\u00f3n del puerto de Manzanillo; la agricultura y la ganader\u00eda, la industria y el comercio en continua expansi\u00f3n y el crecimiento poblacional van a requerir de una base de suministro energ\u00e9tico s\u00f3lida, confiable, estable y menos dependiente. De ah\u00ed la cada vez m\u00e1s apremiante necesidad de disponer de nuevas fuentes de generaci\u00f3n establecidas en la propia regi\u00f3n.  <\/p>\n<\/p>\n<p>El tema ha sido aireado en varias ocasiones por EDENORTE, la empresa que tiene a su cargo la distribuci\u00f3n regional de la electricidad. Ha sido tambi\u00e9n enfocado por el vicepresidente ejecutivo de la CDEEE, Rub\u00e9n Jim\u00e9nez Bichara,  quien al intervenir en la Conferencia Anual de Energ\u00eda del Caribe se\u00f1al\u00f3 la necesidad de licitar contratos a largo plazo para suplir 500 a 600 megavatios a base de gas natural a fin de satisfacer el crecimiento estimado de la demanda.<\/p>\n<\/p>\n<p>Signataria de los convenios internacionales para la reducci\u00f3n de la emisi\u00f3n de gases de efecto invernadero, Rep\u00fablica Dominicana est\u00e1 obligada a impulsar proyectos de generaci\u00f3n de energ\u00eda limpia.  En el pa\u00eds ya est\u00e1n operando algunos sistemas de energ\u00eda e\u00f3lica y solar as\u00ed como a gas natural.  Pero los requerimientos y posibilidades de satisfacerlos son mucho m\u00e1s amplias quedando un largo trecho por recorrer.<\/p>\n<\/p>\n<p>Para dar cumplimiento a los protocolos asumidos por el pa\u00eds, el Consejo Nacional de Energ\u00eda, despu\u00e9s de un previo y  exigente proceso de evaluaci\u00f3n, ha otorgado hasta el presente concesiones definitivas para el desarrollo de proyectos de generaci\u00f3n en la regi\u00f3n norte a base de energ\u00edas renovables por 403 megavatios, 88 de energ\u00eda e\u00f3lica y 315 solar.<\/p>\n<\/p>\n<p>Sin  embargo, dado que ambos sistemas no son de suministro constante sino intermitente, requieren contar con el respaldo de proyectos t\u00e9rmicos de avanzada generaci\u00f3n a base de gas natural.  Este es  una fuente de energ\u00eda igualmente limpia y econ\u00f3mica, disponible en todo momento y en capacidad de brindar estabilidad al Sistema de Electricidad Nacional Interconectado.<\/p>\n<\/p>\n<p>En  la medida en que se contin\u00fae modernizando y ampliando la matriz del sistema el\u00e9ctrico nacional mediante la instalaci\u00f3n de centrales de energ\u00edas renovables y a gas natural el pa\u00eds podr\u00e1 disponer de un suministro eficiente y estable tanto para el consumo dom\u00e9stico como de las actividades productivas a m\u00e1s bajo costo y sin ocasionar da\u00f1o al medio ambiente.  Y en el caso espec\u00edfico de la regi\u00f3n norte brindar un soporte energ\u00e9tico m\u00e1s confiable al desarrollo de todo  su caudal riqueza. <\/p>\n<\/p>\n<p>De esperar que el tema sea asumido con la importancia, la diligencia y el sentido de prioridad que amerita. <\/p>\n<\/p>\n<h6> 2019-11-26 14:46:35 <\/h6>\n<p><!--\n<link rel=\"stylesheet\" href=\"css\/bootstrap.min.css\">\n\n\n<ul class=\"pagination\">\n\t    \n\t\n\n<li >\n\t<a href='?page_no=423'>Previous<\/a>\n\t<\/li>\n\n\n       \n    \n\n<li><a href='?page_no=1'>1<\/a><\/li>\n\n\n\n<li><a href='?page_no=2'>2<\/a><\/li>\n\n\n\n<li><a>...<\/a><\/li>\n\n\n\n<li><a href='?page_no=422'>422<\/a><\/li>\n\n\n\n<li><a href='?page_no=423'>423<\/a><\/li>\n\n\n\n<li class='active'><a>424<\/a><\/li>\n\n\n\n<li><a href='?page_no=425'>425<\/a><\/li>\n\n\n\n<li><a href='?page_no=426'>426<\/a><\/li>\n\n\n\n<li><a>...<\/a><\/li>\n\n\n\n<li><a href='?page_no=13611'>13611<\/a><\/li>\n\n\n\n<li><a href='?page_no=13612'>13612<\/a><\/li>\n\n    \n\t\n\n<li >\n\t<a href='?page_no=425'>Next<\/a>\n\t<\/li>\n\n\n    \n\n<li><a href='?page_no=13612'>Last &rsaquo;&rsaquo;<\/a><\/li>\n\n<\/ul>\n\n\n--><br \/>\n<\/body><\/p>\n","protected":false},"excerpt":{"rendered":"<p>EN PRIMERA FILA ENERGIA LIMPIA PARA LA REGION NORTE Mario Rivadulla Una reciente informaci\u00f3n publicada en el List\u00edn Diario bajo la firma del periodista Ruddy Gonz\u00e1lez deja en evidencia el gran desequilibrio que existe en la generaci\u00f3n del sistema el\u00e9ctrico nacional, dado que el mayor n\u00famero de plantas proveedoras de energ\u00eda se hayan ubicadas en [&hellip;]<\/p>\n","protected":false},"author":3,"featured_media":0,"comment_status":"open","ping_status":"open","sticky":false,"template":"","format":"standard","meta":{"footnotes":""},"categories":[16],"tags":[],"class_list":["post-41093","post","type-post","status-publish","format-standard","hentry","category-opiniones"],"_links":{"self":[{"href":"https:\/\/diariodominicano.com\/index.php?rest_route=\/wp\/v2\/posts\/41093","targetHints":{"allow":["GET"]}}],"collection":[{"href":"https:\/\/diariodominicano.com\/index.php?rest_route=\/wp\/v2\/posts"}],"about":[{"href":"https:\/\/diariodominicano.com\/index.php?rest_route=\/wp\/v2\/types\/post"}],"author":[{"embeddable":true,"href":"https:\/\/diariodominicano.com\/index.php?rest_route=\/wp\/v2\/users\/3"}],"replies":[{"embeddable":true,"href":"https:\/\/diariodominicano.com\/index.php?rest_route=%2Fwp%2Fv2%2Fcomments&post=41093"}],"version-history":[{"count":0,"href":"https:\/\/diariodominicano.com\/index.php?rest_route=\/wp\/v2\/posts\/41093\/revisions"}],"wp:attachment":[{"href":"https:\/\/diariodominicano.com\/index.php?rest_route=%2Fwp%2Fv2%2Fmedia&parent=41093"}],"wp:term":[{"taxonomy":"category","embeddable":true,"href":"https:\/\/diariodominicano.com\/index.php?rest_route=%2Fwp%2Fv2%2Fcategories&post=41093"},{"taxonomy":"post_tag","embeddable":true,"href":"https:\/\/diariodominicano.com\/index.php?rest_route=%2Fwp%2Fv2%2Ftags&post=41093"}],"curies":[{"name":"wp","href":"https:\/\/api.w.org\/{rel}","templated":true}]}}