{"id":410867,"date":"2023-01-21T13:05:11","date_gmt":"2023-01-21T17:05:11","guid":{"rendered":"http:\/\/diariodominicano.com\/?p=410867"},"modified":"2023-01-21T13:05:11","modified_gmt":"2023-01-21T17:05:11","slug":"presidente-diaz-canel-rememora-visita-a-cuba-de-papa-juan-pablo-ii-foto","status":"publish","type":"post","link":"https:\/\/diariodominicano.com\/?p=410867","title":{"rendered":"Presidente D\u00edaz-Canel rememora visita a Cuba de papa Juan Pablo II (+Foto)"},"content":{"rendered":"\n<p>La Habana, 21 ene (Prensa Latina) El presidente de Cuba, Miguel D\u00edaz-Canel, rememor\u00f3 hoy el viaje pastoral realizado a la isla por el papa Juan Pablo II, del 21 al 25 de enero de 1998.&nbsp;&nbsp;&nbsp;&nbsp;<\/p>\n\n\n\n<ul class=\"wp-block-list\"><li>enero 21, 2023<\/li><li>CST08:37 (GMT) -0500<\/li><\/ul>\n\n\n\n<p>En su perfil en Twitter, el mandatario cubano record\u00f3 que hace 25 a\u00f1os \u201cinici\u00f3 hist\u00f3rica visita pastoral a #Cuba el Papa Juan Pablo II. Durante cinco d\u00edas permanecer\u00eda en el pa\u00eds, oficiando misas abiertas en varias provincias\u201d.<\/p>\n\n\n\n<p>Tambi\u00e9n lo har\u00edan \u2013agreg\u00f3- sus sucesores Benedicto XVI (marzo de 2012) y Francisco (septiembre de 2015).<\/p>\n\n\n\n<figure class=\"wp-block-image\"><img decoding=\"async\" src=\"https:\/\/www.prensa-latina.cu\/wp-content\/uploads\/2023\/01\/Juan-Pablo-II-en-Cuba-II.jpg\" alt=\"Juan-Pablo-II-en-Cuba-II\" class=\"wp-image-402035\"\/><\/figure>\n\n\n\n<p>En Cuba, Juan Pablo II, papa 264 de la Iglesia cat\u00f3lica, recibi\u00f3 una masiva hospitalidad, ofreci\u00f3 varias misas y se entrevist\u00f3 con el l\u00edder hist\u00f3rico de la Revoluci\u00f3n, Fidel Castro.<\/p>\n\n\n\n<p>Al darle la bienvenida, Fidel Castro expres\u00f3: \u201cLa tierra que usted acaba de besar se honra con su presencia. (\u2026) Santidad, pensamos igual que usted en muchas importantes cuestiones del mundo (\u2026); en otras, nuestras opiniones difieren, pero rendimos culto respetuoso a la convicci\u00f3n profunda con que usted defiende sus ideas\u201d.<\/p>\n\n\n\n<p>\u201cQue Cuba se abra al mundo con todas sus magn\u00edficas posibilidades, y que el mundo se abra a Cuba\u201d fue el pedido p\u00fablico de Su Santidad Juan Pablo II en esa ocasi\u00f3n.<\/p>\n\n\n\n<p>Juan Pablo II muri\u00f3 en Ciudad del Vaticano el 2 de abril de 2005 a los 85 a\u00f1os tras m\u00e1s de 26 de ejercicio del pontificado, desde 1978 hasta su muerte, y fue el segundo papa m\u00e1s longevo, superado s\u00f3lo por P\u00edo IX (1846-1878).<\/p>\n\n\n\n<p>Karol Wojtyla fue el primer papa no italiano el holand\u00e9s Adriano VI (1522-1523) y el \u00fanico hasta la fecha de origen polaco. Fue canonizado por el Papa Francisco el 27 de abril de 2014 como San Juan Pablo II.<\/p>\n\n\n\n<p>mem\/evm<\/p>\n","protected":false},"excerpt":{"rendered":"<p>La Habana, 21 ene (Prensa Latina) El presidente de Cuba, Miguel D\u00edaz-Canel, rememor\u00f3 hoy el viaje pastoral realizado a la isla por el papa Juan Pablo II, del 21 al 25 de enero de 1998.&nbsp;&nbsp;&nbsp;&nbsp; enero 21, 2023 CST08:37 (GMT) -0500 En su perfil en Twitter, el mandatario cubano record\u00f3 que hace 25 a\u00f1os \u201cinici\u00f3 [&hellip;]<\/p>\n","protected":false},"author":28,"featured_media":410868,"comment_status":"closed","ping_status":"","sticky":true,"template":"","format":"standard","meta":{"footnotes":""},"categories":[36,26,23,27],"tags":[],"class_list":["post-410867","post","type-post","status-publish","format-standard","has-post-thumbnail","hentry","category-hombresmujeresycosas","category-efemerides","category-internacional","category-portada"],"_links":{"self":[{"href":"https:\/\/diariodominicano.com\/index.php?rest_route=\/wp\/v2\/posts\/410867","targetHints":{"allow":["GET"]}}],"collection":[{"href":"https:\/\/diariodominicano.com\/index.php?rest_route=\/wp\/v2\/posts"}],"about":[{"href":"https:\/\/diariodominicano.com\/index.php?rest_route=\/wp\/v2\/types\/post"}],"author":[{"embeddable":true,"href":"https:\/\/diariodominicano.com\/index.php?rest_route=\/wp\/v2\/users\/28"}],"replies":[{"embeddable":true,"href":"https:\/\/diariodominicano.com\/index.php?rest_route=%2Fwp%2Fv2%2Fcomments&post=410867"}],"version-history":[{"count":1,"href":"https:\/\/diariodominicano.com\/index.php?rest_route=\/wp\/v2\/posts\/410867\/revisions"}],"predecessor-version":[{"id":410869,"href":"https:\/\/diariodominicano.com\/index.php?rest_route=\/wp\/v2\/posts\/410867\/revisions\/410869"}],"wp:featuredmedia":[{"embeddable":true,"href":"https:\/\/diariodominicano.com\/index.php?rest_route=\/wp\/v2\/media\/410868"}],"wp:attachment":[{"href":"https:\/\/diariodominicano.com\/index.php?rest_route=%2Fwp%2Fv2%2Fmedia&parent=410867"}],"wp:term":[{"taxonomy":"category","embeddable":true,"href":"https:\/\/diariodominicano.com\/index.php?rest_route=%2Fwp%2Fv2%2Fcategories&post=410867"},{"taxonomy":"post_tag","embeddable":true,"href":"https:\/\/diariodominicano.com\/index.php?rest_route=%2Fwp%2Fv2%2Ftags&post=410867"}],"curies":[{"name":"wp","href":"https:\/\/api.w.org\/{rel}","templated":true}]}}