{"id":410855,"date":"2023-01-21T12:43:01","date_gmt":"2023-01-21T16:43:01","guid":{"rendered":"http:\/\/diariodominicano.com\/?p=410855"},"modified":"2023-01-21T12:43:01","modified_gmt":"2023-01-21T16:43:01","slug":"cuba-mantiene-desafio-mediatico-en-aniversario-de-operacion-verdad","status":"publish","type":"post","link":"https:\/\/diariodominicano.com\/?p=410855","title":{"rendered":"Cuba mantiene desaf\u00edo medi\u00e1tico en aniversario de Operaci\u00f3n Verdad"},"content":{"rendered":"\n<p>La Habana, 21 ene (Prensa Latina) La Revoluci\u00f3n Cubana mantiene el desaf\u00edo comunicacional de mostrar su realidad a 64 a\u00f1os de la Operaci\u00f3n Verdad, primer intento por romper el discurso monop\u00f3lico de los grandes medios.&nbsp;&nbsp;&nbsp;&nbsp;<\/p>\n\n\n\n<ul class=\"wp-block-list\"><li>enero 21, 2023<\/li><li>CST07:23 (GMT) -0500<\/li><\/ul>\n\n\n\n<p>El hecho fue la primera batalla de la isla caribe\u00f1a contra la desinformaci\u00f3n, luego de que el l\u00edder hist\u00f3rico de la Revoluci\u00f3n, Fidel Castro, convocara a una masiva conferencia de prensa para desbaratar una campa\u00f1a sobre los juicios y el ajusticiamiento de connotados torturadores y asesinos de la dictadura batistiana.<\/p>\n\n\n\n<p>La jugada medi\u00e1tica comenz\u00f3 con pronunciamientos de congresistas estadounidenses que fueron secundados inmediatamente por agencias de prensa como la UPI y AP que impusieron una narrativa sobre la naciente Revoluci\u00f3n en el mundo.<\/p>\n\n\n\n<p>En menos de 48 horas m\u00e1s de 380 periodistas de Estados Unidos y Am\u00e9rica Latina fueron invitados a La Habana donde pudieron apreciar de primera mano evidencias de los cr\u00edmenes cometidos por quienes eran enjuiciados y el apoyo masivo del pueblo a las medidas del gobierno.<\/p>\n\n\n\n<p>Al responder a preguntas de los periodistas Fidel denunci\u00f3 el monopolio informativo de las agencias de noticias y plante\u00f3 la necesidad de que Latinoam\u00e9rica tuviera voz propia, idea que se materializar\u00eda meses despu\u00e9s con la fundaci\u00f3n, en junio de 1959, de la Agencia Informativa Latinoamericana Prensa Latina.<\/p>\n\n\n\n<p>Ese escenario medi\u00e1tico se mantiene en la actualidad mediante operaciones de guerra h\u00edbrida o de cuarta generaci\u00f3n, amplificados por las plataformas de redes sociales.<\/p>\n\n\n\n<p>Autoridades cubanas, expertos y profesionales de la comunicaci\u00f3n denuncian peri\u00f3dicamente la puesta en marcha de campa\u00f1as y operaciones de desinformaci\u00f3n desde esos espacios mediante el empleo de bots y t\u00e9cnicas psicol\u00f3gicas para provocar un estallido social o denigrar los programas de la Revoluci\u00f3n y sus gobernantes.<\/p>\n\n\n\n<p>Ante estos desaf\u00edos la Revoluci\u00f3n Cubana ha mantenido su apego al principio que acompa\u00f1\u00f3 su proyecto medi\u00e1tico desde sus comienzos: el compromiso con la verdad.<\/p>\n\n\n\n<p>mem\/jfs<\/p>\n","protected":false},"excerpt":{"rendered":"<p>La Habana, 21 ene (Prensa Latina) La Revoluci\u00f3n Cubana mantiene el desaf\u00edo comunicacional de mostrar su realidad a 64 a\u00f1os de la Operaci\u00f3n Verdad, primer intento por romper el discurso monop\u00f3lico de los grandes medios.&nbsp;&nbsp;&nbsp;&nbsp; enero 21, 2023 CST07:23 (GMT) -0500 El hecho fue la primera batalla de la isla caribe\u00f1a contra la desinformaci\u00f3n, luego [&hellip;]<\/p>\n","protected":false},"author":28,"featured_media":410856,"comment_status":"closed","ping_status":"","sticky":false,"template":"","format":"standard","meta":{"footnotes":""},"categories":[36,26,23],"tags":[],"class_list":["post-410855","post","type-post","status-publish","format-standard","has-post-thumbnail","hentry","category-hombresmujeresycosas","category-efemerides","category-internacional"],"_links":{"self":[{"href":"https:\/\/diariodominicano.com\/index.php?rest_route=\/wp\/v2\/posts\/410855","targetHints":{"allow":["GET"]}}],"collection":[{"href":"https:\/\/diariodominicano.com\/index.php?rest_route=\/wp\/v2\/posts"}],"about":[{"href":"https:\/\/diariodominicano.com\/index.php?rest_route=\/wp\/v2\/types\/post"}],"author":[{"embeddable":true,"href":"https:\/\/diariodominicano.com\/index.php?rest_route=\/wp\/v2\/users\/28"}],"replies":[{"embeddable":true,"href":"https:\/\/diariodominicano.com\/index.php?rest_route=%2Fwp%2Fv2%2Fcomments&post=410855"}],"version-history":[{"count":1,"href":"https:\/\/diariodominicano.com\/index.php?rest_route=\/wp\/v2\/posts\/410855\/revisions"}],"predecessor-version":[{"id":410857,"href":"https:\/\/diariodominicano.com\/index.php?rest_route=\/wp\/v2\/posts\/410855\/revisions\/410857"}],"wp:featuredmedia":[{"embeddable":true,"href":"https:\/\/diariodominicano.com\/index.php?rest_route=\/wp\/v2\/media\/410856"}],"wp:attachment":[{"href":"https:\/\/diariodominicano.com\/index.php?rest_route=%2Fwp%2Fv2%2Fmedia&parent=410855"}],"wp:term":[{"taxonomy":"category","embeddable":true,"href":"https:\/\/diariodominicano.com\/index.php?rest_route=%2Fwp%2Fv2%2Fcategories&post=410855"},{"taxonomy":"post_tag","embeddable":true,"href":"https:\/\/diariodominicano.com\/index.php?rest_route=%2Fwp%2Fv2%2Ftags&post=410855"}],"curies":[{"name":"wp","href":"https:\/\/api.w.org\/{rel}","templated":true}]}}