{"id":410800,"date":"2023-01-20T23:46:10","date_gmt":"2023-01-21T03:46:10","guid":{"rendered":"http:\/\/diariodominicano.com\/?p=410800"},"modified":"2023-01-20T23:46:10","modified_gmt":"2023-01-21T03:46:10","slug":"fiscalia-manhattan-acusa-hombre-de-asesinato-en-el-alto-manhattan","status":"publish","type":"post","link":"https:\/\/diariodominicano.com\/?p=410800","title":{"rendered":"Fiscal\u00eda Manhattan acusa hombre de asesinato en el Alto Manhattan"},"content":{"rendered":"\n<p><strong>Video<\/strong><\/p>\n\n\n\n<p><strong>Por Ram\u00f3n Mercedes<\/strong><\/p>\n\n\n\n<p><strong>NUEVA YORK.-<\/strong>&nbsp;El fiscal del condado de Manhattan, Alvin Bragg, acus\u00f3 este viernes a Joseph Morros, de 27 a\u00f1os, de asesinar al afroamericano Tykeem Berry, de 30 a\u00f1os, frente a una bodega, ubicada en el 144 de la avenida Nagle, sector de Inwood en el Alto Manhattan.<\/p>\n\n\n\n<p>El hecho ocurri\u00f3 alrededor de las 4:00 de la tarde del pasado 15 de diciembre, cuando Berry recibi\u00f3 un balazo en el pecho, frente a su hija de 10 que le acompa\u00f1aba, luego que ambos hombres sostuvieran una discusi\u00f3n.<\/p>\n\n\n\n<p>La muerte de Berry tan cerca de su peque\u00f1a hija conmocion\u00f3 a la comunidad de Inwood\u201d, dijo el fiscal Bragg en un comunicado de prensa.<\/p>\n\n\n\n<p>Morros despu\u00e9s de cometer el hecho corri\u00f3 hacia una edificaci\u00f3n cercana, mientras Berry fue declarado muerto poco despu\u00e9s de un hospital, dijo la polic\u00eda.<\/p>\n\n\n\n<p>El victimario tambi\u00e9n fue acusado de posesi\u00f3n criminal de un arma, dijo el fiscal. Un video capt\u00f3 lo ocurrido.<\/p>\n","protected":false},"excerpt":{"rendered":"<p>Video Por Ram\u00f3n Mercedes NUEVA YORK.-&nbsp;El fiscal del condado de Manhattan, Alvin Bragg, acus\u00f3 este viernes a Joseph Morros, de 27 a\u00f1os, de asesinar al afroamericano Tykeem Berry, de 30 a\u00f1os, frente a una bodega, ubicada en el 144 de la avenida Nagle, sector de Inwood en el Alto Manhattan. El hecho ocurri\u00f3 alrededor de [&hellip;]<\/p>\n","protected":false},"author":28,"featured_media":410801,"comment_status":"closed","ping_status":"","sticky":true,"template":"","format":"standard","meta":{"footnotes":""},"categories":[24,29,27],"tags":[],"class_list":["post-410800","post","type-post","status-publish","format-standard","has-post-thumbnail","hentry","category-justicia-y-derecho","category-policiasucesos","category-portada"],"_links":{"self":[{"href":"https:\/\/diariodominicano.com\/index.php?rest_route=\/wp\/v2\/posts\/410800","targetHints":{"allow":["GET"]}}],"collection":[{"href":"https:\/\/diariodominicano.com\/index.php?rest_route=\/wp\/v2\/posts"}],"about":[{"href":"https:\/\/diariodominicano.com\/index.php?rest_route=\/wp\/v2\/types\/post"}],"author":[{"embeddable":true,"href":"https:\/\/diariodominicano.com\/index.php?rest_route=\/wp\/v2\/users\/28"}],"replies":[{"embeddable":true,"href":"https:\/\/diariodominicano.com\/index.php?rest_route=%2Fwp%2Fv2%2Fcomments&post=410800"}],"version-history":[{"count":1,"href":"https:\/\/diariodominicano.com\/index.php?rest_route=\/wp\/v2\/posts\/410800\/revisions"}],"predecessor-version":[{"id":410802,"href":"https:\/\/diariodominicano.com\/index.php?rest_route=\/wp\/v2\/posts\/410800\/revisions\/410802"}],"wp:featuredmedia":[{"embeddable":true,"href":"https:\/\/diariodominicano.com\/index.php?rest_route=\/wp\/v2\/media\/410801"}],"wp:attachment":[{"href":"https:\/\/diariodominicano.com\/index.php?rest_route=%2Fwp%2Fv2%2Fmedia&parent=410800"}],"wp:term":[{"taxonomy":"category","embeddable":true,"href":"https:\/\/diariodominicano.com\/index.php?rest_route=%2Fwp%2Fv2%2Fcategories&post=410800"},{"taxonomy":"post_tag","embeddable":true,"href":"https:\/\/diariodominicano.com\/index.php?rest_route=%2Fwp%2Fv2%2Ftags&post=410800"}],"curies":[{"name":"wp","href":"https:\/\/api.w.org\/{rel}","templated":true}]}}