{"id":410713,"date":"2023-01-20T19:14:55","date_gmt":"2023-01-20T23:14:55","guid":{"rendered":"http:\/\/diariodominicano.com\/?p=410713"},"modified":"2023-01-20T19:16:33","modified_gmt":"2023-01-20T23:16:33","slug":"arrestan-a-dos-con-320-laminas-presumiblemente-cocaina-camufladas-en-cajas-de-carton","status":"publish","type":"post","link":"https:\/\/diariodominicano.com\/?p=410713","title":{"rendered":"Arrestan a dos con 320 l\u00e1minas presumiblemente coca\u00edna camufladas en cajas de cart\u00f3n"},"content":{"rendered":"\n<p><\/p>\n\n\n\n<p><strong>Santo Domingo<\/strong>, RD.\u00a0&#8211; En una intensa labor de inteligencia conjunta, la Direcci\u00f3n Nacional de Control de Drogas (DNCD) y miembros del Ministerio P\u00fablico, se incautaron 320 l\u00e1minas presumiblemente coca\u00edna, en medio de un operativo de seguimiento desarrollado en el municipio Santo Domingo Este, inform\u00f3 el viernes la DNCD.\u00a0<\/p>\n\n\n\n<figure class=\"wp-block-image size-large\"><img loading=\"lazy\" decoding=\"async\" width=\"1024\" height=\"576\" src=\"https:\/\/diariodominicano.com\/wp-content\/uploads\/2023\/01\/FOTO-DNCD-2-1-1024x576.jpg\" alt=\"\" class=\"wp-image-410715\" srcset=\"https:\/\/diariodominicano.com\/wp-content\/uploads\/2023\/01\/FOTO-DNCD-2-1-1024x576.jpg 1024w, https:\/\/diariodominicano.com\/wp-content\/uploads\/2023\/01\/FOTO-DNCD-2-1-300x169.jpg 300w, https:\/\/diariodominicano.com\/wp-content\/uploads\/2023\/01\/FOTO-DNCD-2-1-768x432.jpg 768w, https:\/\/diariodominicano.com\/wp-content\/uploads\/2023\/01\/FOTO-DNCD-2-1-816x459.jpg 816w, https:\/\/diariodominicano.com\/wp-content\/uploads\/2023\/01\/FOTO-DNCD-2-1.jpg 1280w\" sizes=\"auto, (max-width: 1024px) 100vw, 1024px\" \/><\/figure>\n\n\n\n<p>Los agentes de la DNCD montaron un amplio dispositivo de vigilancia en todo el trayecto de la carretera Mella y pr\u00f3ximo a la entrada del municipio de Guerra, interceptaron al conductor de una furgoneta marca Fiat, en cuyo interior (parte trasera) se ocuparon 80 cajas de cart\u00f3n, con un aparente doble fondo, lo que alert\u00f3 a los agentes actuantes.&nbsp;<\/p>\n\n\n\n<figure class=\"wp-block-image size-large\"><img loading=\"lazy\" decoding=\"async\" width=\"1024\" height=\"576\" src=\"https:\/\/diariodominicano.com\/wp-content\/uploads\/2023\/01\/FOTO-DNCD-4-1-1024x576.jpg\" alt=\"\" class=\"wp-image-410716\" srcset=\"https:\/\/diariodominicano.com\/wp-content\/uploads\/2023\/01\/FOTO-DNCD-4-1-1024x576.jpg 1024w, https:\/\/diariodominicano.com\/wp-content\/uploads\/2023\/01\/FOTO-DNCD-4-1-300x169.jpg 300w, https:\/\/diariodominicano.com\/wp-content\/uploads\/2023\/01\/FOTO-DNCD-4-1-768x432.jpg 768w, https:\/\/diariodominicano.com\/wp-content\/uploads\/2023\/01\/FOTO-DNCD-4-1-816x459.jpg 816w, https:\/\/diariodominicano.com\/wp-content\/uploads\/2023\/01\/FOTO-DNCD-4-1.jpg 1280w\" sizes=\"auto, (max-width: 1024px) 100vw, 1024px\" \/><figcaption>La furgoneta<\/figcaption><\/figure>\n\n\n\n<figure class=\"wp-block-image size-large\"><img loading=\"lazy\" decoding=\"async\" width=\"1024\" height=\"576\" src=\"https:\/\/diariodominicano.com\/wp-content\/uploads\/2023\/01\/FOTO-DNCD-7-1024x576.jpg\" alt=\"\" class=\"wp-image-410717\" srcset=\"https:\/\/diariodominicano.com\/wp-content\/uploads\/2023\/01\/FOTO-DNCD-7-1024x576.jpg 1024w, https:\/\/diariodominicano.com\/wp-content\/uploads\/2023\/01\/FOTO-DNCD-7-300x169.jpg 300w, https:\/\/diariodominicano.com\/wp-content\/uploads\/2023\/01\/FOTO-DNCD-7-768x432.jpg 768w, https:\/\/diariodominicano.com\/wp-content\/uploads\/2023\/01\/FOTO-DNCD-7-816x459.jpg 816w, https:\/\/diariodominicano.com\/wp-content\/uploads\/2023\/01\/FOTO-DNCD-7.jpg 1280w\" sizes=\"auto, (max-width: 1024px) 100vw, 1024px\" \/><figcaption>El autom\u00f3vil Mercedes Benz<\/figcaption><\/figure>\n\n\n\n<p>Posteriormente, por asuntos de seguridad y atendiendo a instrucciones del Ministerio Publico, la furgoneta y el conductor de una jeepeta Mercedes Benz, color blanco, modelo GLA-250, que franqueaba el veh\u00edculo, fueron trasladados a la sede central de la DNCD, donde en presencia de un fiscal adjunto se procedi\u00f3 a realizar una inspecci\u00f3n,  se\u00f1ala el comunicado de prensa.\u00a0<\/p>\n\n\n\n<p>Efectivamente, iniciado el proceso de verificaci\u00f3n, de forma m\u00e1s exhaustiva, se detectaron en las 80 cajas un doble fondo, conteniendo cuatro l\u00e1minas cada una, para un total de 320.<\/p>\n\n\n\n<figure class=\"wp-block-image size-large\"><img loading=\"lazy\" decoding=\"async\" width=\"1024\" height=\"576\" src=\"https:\/\/diariodominicano.com\/wp-content\/uploads\/2023\/01\/FOTO-DNCD-6-1024x576.jpg\" alt=\"\" class=\"wp-image-410719\" srcset=\"https:\/\/diariodominicano.com\/wp-content\/uploads\/2023\/01\/FOTO-DNCD-6-1024x576.jpg 1024w, https:\/\/diariodominicano.com\/wp-content\/uploads\/2023\/01\/FOTO-DNCD-6-300x169.jpg 300w, https:\/\/diariodominicano.com\/wp-content\/uploads\/2023\/01\/FOTO-DNCD-6-768x432.jpg 768w, https:\/\/diariodominicano.com\/wp-content\/uploads\/2023\/01\/FOTO-DNCD-6-1536x864.jpg 1536w, https:\/\/diariodominicano.com\/wp-content\/uploads\/2023\/01\/FOTO-DNCD-6-816x459.jpg 816w, https:\/\/diariodominicano.com\/wp-content\/uploads\/2023\/01\/FOTO-DNCD-6.jpg 1600w\" sizes=\"auto, (max-width: 1024px) 100vw, 1024px\" \/><\/figure>\n\n\n\n<figure class=\"wp-block-image size-large\"><img loading=\"lazy\" decoding=\"async\" width=\"1024\" height=\"576\" src=\"https:\/\/diariodominicano.com\/wp-content\/uploads\/2023\/01\/FOTO-DNCD-8-1024x576.jpg\" alt=\"\" class=\"wp-image-410720\" srcset=\"https:\/\/diariodominicano.com\/wp-content\/uploads\/2023\/01\/FOTO-DNCD-8-1024x576.jpg 1024w, https:\/\/diariodominicano.com\/wp-content\/uploads\/2023\/01\/FOTO-DNCD-8-300x169.jpg 300w, https:\/\/diariodominicano.com\/wp-content\/uploads\/2023\/01\/FOTO-DNCD-8-768x432.jpg 768w, https:\/\/diariodominicano.com\/wp-content\/uploads\/2023\/01\/FOTO-DNCD-8-1536x864.jpg 1536w, https:\/\/diariodominicano.com\/wp-content\/uploads\/2023\/01\/FOTO-DNCD-8-816x459.jpg 816w, https:\/\/diariodominicano.com\/wp-content\/uploads\/2023\/01\/FOTO-DNCD-8.jpg 1600w\" sizes=\"auto, (max-width: 1024px) 100vw, 1024px\" \/><\/figure>\n\n\n\n<p>\u201cPreliminarmente podemos afirmar que las l\u00e1minas camufladas en las cajas de cart\u00f3n, que se presumen son de coca\u00edna, tienen cada una, un peso aproximado de entre 110 y 220 gramos\u201d&nbsp;&nbsp;<\/p>\n\n\n\n<p>El comunicado de prensa de la agencia antinarc\u00f3ticos, se\u00f1ala adem\u00e1s, que la furgoneta, donde se confiscaron las cajas, ten\u00eda habilitado un compartimiento secreto (tipo caleta) en la parte trasera del veh\u00edculo.<\/p>\n\n\n\n<p>El Ministerio Publico y la DNCD profundizan las investigaciones en torno al caso, mientras los detenidos, dos dominicanos de 36 y 39 a\u00f1os, ser\u00e1n sometidos a la justicia en las pr\u00f3ximas horas por violaci\u00f3n a la ley 50-88 sobre drogas y sustancias controladas.<\/p>\n\n\n\n<p>En el operativo se ocup\u00f3 adem\u00e1s dinero en efectivo, varios celulares, documentos personales, entre otras evidencias.&nbsp;<\/p>\n\n\n\n<p>Los agentes de la DNCD se mantienen alerta ante estas nuevas modalidades del narcotr\u00e1fico que intentan burlar los controles de seguridad en aeropuertos y puertos del pa\u00eds.<\/p>\n\n\n\n<p>\u00a0Las 320 l\u00e1minas est\u00e1n siendo enviadas bajo cadena de custodia al Instituto Nacional de Ciencias Forenses (INACIF) para determinar tipo y peso exacto de la sustancia.\u00a0<\/p>\n\n\n\n<p>Dncd Relaciones Publicas<a target=\"_blank\" href=\"mailto:relacionespublicasdncd1@gmail.com\" rel=\"noreferrer noopener\">relacionespublicasdncd1@gm<\/a><\/p>\n\n\n\n<p><strong>Direcci\u00f3n de Comunicaciones, DNCD. &#8211;&nbsp;<\/strong><\/p>\n\n\n\n<p><strong>Viernes 20 de enero, 2023.-<\/strong><\/p>\n","protected":false},"excerpt":{"rendered":"<p>Santo Domingo, RD.\u00a0&#8211; En una intensa labor de inteligencia conjunta, la Direcci\u00f3n Nacional de Control de Drogas (DNCD) y miembros del Ministerio P\u00fablico, se incautaron 320 l\u00e1minas presumiblemente coca\u00edna, en medio de un operativo de seguimiento desarrollado en el municipio Santo Domingo Este, inform\u00f3 el viernes la DNCD.\u00a0 Los agentes de la DNCD montaron un [&hellip;]<\/p>\n","protected":false},"author":28,"featured_media":410714,"comment_status":"closed","ping_status":"","sticky":true,"template":"","format":"standard","meta":{"footnotes":""},"categories":[24,29,27],"tags":[],"class_list":["post-410713","post","type-post","status-publish","format-standard","has-post-thumbnail","hentry","category-justicia-y-derecho","category-policiasucesos","category-portada"],"_links":{"self":[{"href":"https:\/\/diariodominicano.com\/index.php?rest_route=\/wp\/v2\/posts\/410713","targetHints":{"allow":["GET"]}}],"collection":[{"href":"https:\/\/diariodominicano.com\/index.php?rest_route=\/wp\/v2\/posts"}],"about":[{"href":"https:\/\/diariodominicano.com\/index.php?rest_route=\/wp\/v2\/types\/post"}],"author":[{"embeddable":true,"href":"https:\/\/diariodominicano.com\/index.php?rest_route=\/wp\/v2\/users\/28"}],"replies":[{"embeddable":true,"href":"https:\/\/diariodominicano.com\/index.php?rest_route=%2Fwp%2Fv2%2Fcomments&post=410713"}],"version-history":[{"count":4,"href":"https:\/\/diariodominicano.com\/index.php?rest_route=\/wp\/v2\/posts\/410713\/revisions"}],"predecessor-version":[{"id":410723,"href":"https:\/\/diariodominicano.com\/index.php?rest_route=\/wp\/v2\/posts\/410713\/revisions\/410723"}],"wp:featuredmedia":[{"embeddable":true,"href":"https:\/\/diariodominicano.com\/index.php?rest_route=\/wp\/v2\/media\/410714"}],"wp:attachment":[{"href":"https:\/\/diariodominicano.com\/index.php?rest_route=%2Fwp%2Fv2%2Fmedia&parent=410713"}],"wp:term":[{"taxonomy":"category","embeddable":true,"href":"https:\/\/diariodominicano.com\/index.php?rest_route=%2Fwp%2Fv2%2Fcategories&post=410713"},{"taxonomy":"post_tag","embeddable":true,"href":"https:\/\/diariodominicano.com\/index.php?rest_route=%2Fwp%2Fv2%2Ftags&post=410713"}],"curies":[{"name":"wp","href":"https:\/\/api.w.org\/{rel}","templated":true}]}}