{"id":41071,"date":"2019-11-26T22:22:11","date_gmt":"2019-11-26T22:22:11","guid":{"rendered":"http:\/\/diariodominicano.ddns.net\/?p=41071"},"modified":"2019-11-26T22:22:11","modified_gmt":"2019-11-26T22:22:11","slug":"hay-que-ponerle-fin-a-la-epidemia-de-violencia-transfobica","status":"publish","type":"post","link":"https:\/\/diariodominicano.com\/?p=41071","title":{"rendered":"Hay que ponerle fin a la epidemia de violencia transf\u00f3bica"},"content":{"rendered":"<p><body><\/p>\n<p>Amy Goodman y Denis Moynihan<\/p>\n<\/p>\n<p>El 20 de noviembre de cada a\u00f1o se celebra el D\u00eda Internacional de la Memoria Trans. Gwendolyn Ann Smith inici\u00f3 la conmemoraci\u00f3n en 1999 para recordar a Rita Hester, asesinada un a\u00f1o antes, y a Chanelle Pickett, asesinada tres a\u00f1os antes de eso. Diez a\u00f1os despu\u00e9s de la primera conmemoraci\u00f3n, Smith relat\u00f3: \u00abHablaba con la gente y nadie sab\u00eda qui\u00e9n era Chanelle Pickett. Entonces me pareci\u00f3 evidente que est\u00e1bamos olvidando nuestro pasado y, parafraseando a George Santayana, est\u00e1bamos condenados a repetirlo\u00bb. Smith cre\u00f3 el D\u00eda de la Memoria Transg\u00e9nero para que las v\u00edctimas de la violencia transf\u00f3bica no sean olvidadas, as\u00ed como para generar conciencia sobre estos cr\u00edmenes de odio.<\/p>\n<\/p>\n<p>Adem\u00e1s de llorar a quienes fueron asesinados, los grupos de activistas trans y sus aliados organizaron la \u00abSemana de la Conciencia Trans\u00bb, previa al D\u00eda de la Memoria. Tal como lo describe la organizaci\u00f3n GLAAD, la semana tiene la intenci\u00f3n de impulsar \u00abla acci\u00f3n&#8230; al educar a la poblaci\u00f3n sobre qui\u00e9nes son las personas transg\u00e9nero, compartiendo historias y experiencias, y promoviendo la defensa de los derechos en torno a las problem\u00e1ticas de prejuicio, discriminaci\u00f3n y violencia que afectan a la comunidad transg\u00e9nero\u00bb.<\/p>\n<\/p>\n<p>La violencia es extrema. La organizaci\u00f3n Transrespeto versus Transfobia en el Mundo lleva un registro de ataques contra personas transg\u00e9nero. En coincidencia con el D\u00eda de la Memoria, publica todos los a\u00f1os su informe anual de monitoreo de asesinatos trans. Desde el 1\u00ba de octubre de 2018 hasta el 30 de septiembre de 2019 se documentaron 331 asesinatos de personas trans y no binarias en todo el mundo. Seg\u00fan el informe, los pa\u00edses con la mayor cantidad de asesinatos fueron Brasil, con 130; M\u00e9xico, con 63 y Estados Unidos, con 30. En total, desde 2008 ?cuando comenz\u00f3 la documentaci\u00f3n regular de estos asesinatos? ha habido 3.314 asesinatos de personas transg\u00e9nero y de g\u00e9nero diverso en todo el mundo. Seg\u00fan el informe \u00abUna epidemia nacional: violencia letal contra personas transg\u00e9nero en Estados Unidos en 2019\u00bb, que acaba de publicar esta semana la organizaci\u00f3n LGTB Campa\u00f1a de Derechos Humanos, de las 22 v\u00edctimas registradas este a\u00f1o en Estados Unidos, el 91% eran mujeres afroestadounidenses, el 81% eran menores de 30 a\u00f1os y el 68% se encontraba en la regi\u00f3n sur del pa\u00eds.<\/p>\n<\/p>\n<p>Layleen Cubilette-Polanco, una mujer transg\u00e9nero, muri\u00f3 en junio en la tristemente c\u00e9lebre c\u00e1rcel Rikers de la ciudad de Nueva York tras ser arrestada por delitos menores y luego encarcelada por no poder pagar una fianza de 500 d\u00f3lares. La pusieron en confinamiento solitario y muri\u00f3 por una epilepsia que, seg\u00fan su familia, se vio exacerbada por la negligencia de los funcionarios carcelarios. Chynal Lindsey fue asesinada en junio y arrojada al lago White Rock, en Dallas, un mes despu\u00e9s de que Muhlaysia Booker fuera asesinada en la misma ciudad. El asesinato de Booker se produjo un mes despu\u00e9s de que se volviera viral un video en el que se ve c\u00f3mo una turba la apalea. Ambas v\u00edctimas eran mujeres trans afroestadounidenses y, en ambos casos, los sospechosos del asesinato han sido arrestados. El principal agresor de Booker en el video del ataque de abril tambi\u00e9n fue arrestado, declarado culpable y condenado a 300 d\u00edas de c\u00e1rcel.<\/p>\n<\/p>\n<p>Una mujer salvadore\u00f1a transg\u00e9nero de 25 a\u00f1os de edad llamada Johana Medina Leon muri\u00f3 cuatro d\u00edas despu\u00e9s de ser liberada, tras pasar casi dos meses bajo custodia del Servicio de Inmigraci\u00f3n y Control de Aduanas de Estados Unidos, per\u00edodo en el que sufri\u00f3 constantes problemas de salud. Su muerte es un ejemplo de la cantidad de prejuicios interseccionales y complejos desaf\u00edos que las personas transg\u00e9nero de color enfrentan a diario.<\/p>\n<\/p>\n<p>En una entrevista para \u00abDemocracy Now!\u00bb, Lala B Zannell, activista con una gran trayectoria de lucha por los derechos trans, declar\u00f3: \u00abCada vez que muere una mujer trans, particularmente una mujer trans de color, es como si siempre padecieras de ansiedad, siempre est\u00e1s viviendo una realidad en la que podr\u00edas ser la pr\u00f3xima\u00bb. Al describir el D\u00eda de la Memoria de este a\u00f1o, se\u00f1al\u00f3: \u00abMuchas personas trans se est\u00e1n apropiando de este espacio y de este momento, porque hemos tenido un a\u00f1o muy dif\u00edcil con este gobierno [del presidente Donald Trump]. Realmente estamos tratando de programar eventos que sean de sanaci\u00f3n, que no sean traum\u00e1ticos para las personas trans\u00bb.<\/p>\n<\/p>\n<p>Un objetivo clave del D\u00eda de la Memoria Transg\u00e9nero y de la semana de concientizaci\u00f3n previa es involucrar a los aliados del movimiento para acabar con la discriminaci\u00f3n y la violencia. Lala B explic\u00f3: \u00abLa mejor manera de combatir [la transfobia] es demostrarle apoyo al colectivo trans, denunciar la transfobia cuando ocurra en tu vecindario, no confundir el g\u00e9nero de las personas trans, honrar y proteger a las que est\u00e1n en tu vecindario, ir a tu escuela y decir que no te incomoda que acudan personas trans y que necesitan espacios seguros para ir al ba\u00f1o, que se les permita participar de los deportes y asistir al baile de graduaci\u00f3n de la forma en que se sienten aut\u00e9nticas. Puedes decir en tu trabajo: ?En este espacio vamos a contratar personas trans. No vamos a permitir la transfobia. No vamos a discriminar a las personas?. Y cuando veas actos de violencia no te limites a sacar tu tel\u00e9fono y grabar. No seas un mero espectador, ponle fin a la violencia contra las mujeres trans de color\u00bb.<\/p>\n<\/p>\n<p>El \u00faltimo llamado a la acci\u00f3n de Lala B Zannell, el de intervenir ante un ataque en curso, requiere un gran coraje. Pero este es el compromiso que se necesita para poner fin al creciente flagelo de la violencia contra personas transg\u00e9nero y de g\u00e9nero no binario.<\/p>\n<p>Columna22 DE NOVIEMBRE DE 2019<\/p>\n<p>\u00a9 2019 Amy Goodman<\/p>\n<\/p>\n<p>Traducci\u00f3n al espa\u00f1ol del texto en ingl\u00e9s: In\u00e9s Coira. Edici\u00f3n: Mar\u00eda Eva Blotta y Democracy Now! en espa\u00f1ol, spanish@democracynow.org<\/p>\n<\/p>\n<p>Amy Goodman es la conductora de Democracy Now!, un noticiero internacional que se emite diariamente en m\u00e1s de 800 emisoras de radio y televisi\u00f3n en ingl\u00e9s y en m\u00e1s de 450 en espa\u00f1ol. Es co-autora del libro \u00abLos que luchan contra el sistema: H\u00e9roes ordinarios en tiempos extraordinarios en Estados Unidos\u00bb, editado por Le Monde Diplomatique Cono Sur.<\/p>\n<\/p>\n<h6> 2019-11-26 22:22:11 <\/h6>\n<p><!--\n<link rel=\"stylesheet\" href=\"css\/bootstrap.min.css\">\n\n\n<ul class=\"pagination\">\n\t    \n\t\n\n<li >\n\t<a href='?page_no=421'>Previous<\/a>\n\t<\/li>\n\n\n       \n    \n\n<li><a href='?page_no=1'>1<\/a><\/li>\n\n\n\n<li><a href='?page_no=2'>2<\/a><\/li>\n\n\n\n<li><a>...<\/a><\/li>\n\n\n\n<li><a href='?page_no=420'>420<\/a><\/li>\n\n\n\n<li><a href='?page_no=421'>421<\/a><\/li>\n\n\n\n<li class='active'><a>422<\/a><\/li>\n\n\n\n<li><a href='?page_no=423'>423<\/a><\/li>\n\n\n\n<li><a href='?page_no=424'>424<\/a><\/li>\n\n\n\n<li><a>...<\/a><\/li>\n\n\n\n<li><a href='?page_no=13611'>13611<\/a><\/li>\n\n\n\n<li><a href='?page_no=13612'>13612<\/a><\/li>\n\n    \n\t\n\n<li >\n\t<a href='?page_no=423'>Next<\/a>\n\t<\/li>\n\n\n    \n\n<li><a href='?page_no=13612'>Last &rsaquo;&rsaquo;<\/a><\/li>\n\n<\/ul>\n\n\n--><br \/>\n<\/body><\/p>\n","protected":false},"excerpt":{"rendered":"<p>Amy Goodman y Denis Moynihan El 20 de noviembre de cada a\u00f1o se celebra el D\u00eda Internacional de la Memoria Trans. Gwendolyn Ann Smith inici\u00f3 la conmemoraci\u00f3n en 1999 para recordar a Rita Hester, asesinada un a\u00f1o antes, y a Chanelle Pickett, asesinada tres a\u00f1os antes de eso. Diez a\u00f1os despu\u00e9s de la primera conmemoraci\u00f3n, [&hellip;]<\/p>\n","protected":false},"author":3,"featured_media":0,"comment_status":"open","ping_status":"open","sticky":false,"template":"","format":"standard","meta":{"footnotes":""},"categories":[16],"tags":[],"class_list":["post-41071","post","type-post","status-publish","format-standard","hentry","category-opiniones"],"_links":{"self":[{"href":"https:\/\/diariodominicano.com\/index.php?rest_route=\/wp\/v2\/posts\/41071","targetHints":{"allow":["GET"]}}],"collection":[{"href":"https:\/\/diariodominicano.com\/index.php?rest_route=\/wp\/v2\/posts"}],"about":[{"href":"https:\/\/diariodominicano.com\/index.php?rest_route=\/wp\/v2\/types\/post"}],"author":[{"embeddable":true,"href":"https:\/\/diariodominicano.com\/index.php?rest_route=\/wp\/v2\/users\/3"}],"replies":[{"embeddable":true,"href":"https:\/\/diariodominicano.com\/index.php?rest_route=%2Fwp%2Fv2%2Fcomments&post=41071"}],"version-history":[{"count":0,"href":"https:\/\/diariodominicano.com\/index.php?rest_route=\/wp\/v2\/posts\/41071\/revisions"}],"wp:attachment":[{"href":"https:\/\/diariodominicano.com\/index.php?rest_route=%2Fwp%2Fv2%2Fmedia&parent=41071"}],"wp:term":[{"taxonomy":"category","embeddable":true,"href":"https:\/\/diariodominicano.com\/index.php?rest_route=%2Fwp%2Fv2%2Fcategories&post=41071"},{"taxonomy":"post_tag","embeddable":true,"href":"https:\/\/diariodominicano.com\/index.php?rest_route=%2Fwp%2Fv2%2Ftags&post=41071"}],"curies":[{"name":"wp","href":"https:\/\/api.w.org\/{rel}","templated":true}]}}